{"id":3654,"date":"2024-09-29T22:06:47","date_gmt":"2024-09-29T20:06:47","guid":{"rendered":"https:\/\/art-et-culture-du-monde.fr\/blog\/?p=3654"},"modified":"2024-10-05T16:55:24","modified_gmt":"2024-10-05T14:55:24","slug":"la-migration-des-oiseaux","status":"publish","type":"post","link":"https:\/\/art-et-culture-du-monde.fr\/blog\/rapaces\/la-migration-des-oiseaux\/","title":{"rendered":"La migration des oiseaux ou les n\u00e9cessit\u00e9s naturelles de la circulation a\u00e9rienne &#8230;"},"content":{"rendered":"<p>[et_pb_section fb_built=\u00a0\u00bb1&Prime; _builder_version=\u00a0\u00bb4.27.0&Prime; _module_preset=\u00a0\u00bbdefault\u00a0\u00bb global_colors_info=\u00a0\u00bb{}\u00a0\u00bb][et_pb_row _builder_version=\u00a0\u00bb4.27.0&Prime; _module_preset=\u00a0\u00bbdefault\u00a0\u00bb hover_enabled=\u00a0\u00bb0&Prime; global_colors_info=\u00a0\u00bb{}\u00a0\u00bb sticky_enabled=\u00a0\u00bb0&Prime;][et_pb_column type=\u00a0\u00bb4_4&Prime; _builder_version=\u00a0\u00bb4.27.0&Prime; _module_preset=\u00a0\u00bbdefault\u00a0\u00bb global_colors_info=\u00a0\u00bb{}\u00a0\u00bb][et_pb_text _builder_version=\u00a0\u00bb4.27.2&Prime; _module_preset=\u00a0\u00bbdefault\u00a0\u00bb text_text_color=\u00a0\u00bb#000000&Prime; text_font_size=\u00a0\u00bb18px\u00a0\u00bb hover_enabled=\u00a0\u00bb0&Prime; global_colors_info=\u00a0\u00bb{}\u00a0\u00bb sticky_enabled=\u00a0\u00bb0&Prime;]<\/p>\n<p>A l&rsquo;Automne, les oiseaux se partagent en 2 cat\u00e9gories:<\/p>\n<ul>\n<li>Ceux qui font avec ce qu&rsquo;ils ont sur place<\/li>\n<li>Ceux qui font leur valise pour des r\u00e9gions plus cl\u00e9mentes<\/li>\n<\/ul>\n<p>Mais, pourquoi les oiseaux migrent-ils ? Sont-ils si frileux ?<\/p>\n<p>Non, contrairement \u00e0 ce qu&rsquo;on peut penser, la contrainte n&rsquo;est pas la temp\u00e9rature, mais, le manque de nourriture.<\/p>\n<p>La migration va donc concerner principalement les oiseaux insectivores et consommateurs d&rsquo;animaux \u00e0 sang froid, et bien s\u00fbr les oiseaux pr\u00e9dateurs de ces m\u00eames oiseaux. Donc, un certain nombre de rapaces.<\/p>\n<p>Et pour quelles destinations ?<\/p>\n<p>Les endroits assez chauds pour abriter les sources de nourritures pendant la p\u00e9riode hivernale du lieu de reproduction.<\/p>\n<p>Quelques records des migrations:<\/p>\n<ul>\n<li><strong>Le temps de vol le plus long<\/strong>, le Martinet noir (pour les entendre, <a href=\"https:\/\/youtu.be\/7LLFXkIaNVU?si=dKManiZeGCwVOfh1\" target=\"_blank\" rel=\"noopener\">c&rsquo;est ici<\/a>): Un grand voyageur qui migre sur 10000 km et peut rester 200 jours par an sans se poser. En fait, quand tout va bien, il ne se pose que pour la ponte et l&rsquo;\u00e9levage des jeunes.<\/li>\n<li><strong>La migration la plus longue<\/strong>, celle de la Sterne arctique:: 80000 \u00e0 96000 km maximum par an.<\/li>\n<li><strong>Le poids plume de la migration<\/strong>, la Paruline ray\u00e9e: 12 g et une migration de 2500 km non stop en 3 jours.<\/li>\n<li>De gros oiseaux migrent aussi comme les aigles royaux et les p\u00e9licans.<\/li>\n<\/ul>\n<p>Quelques rapaces migrateurs:<\/p>\n<ul>\n<li>Le hibou Petit-Duc. Vous pouvez l&rsquo;entendre <a href=\"https:\/\/youtu.be\/QD_nMWBEb2w?si=ttJhX7HmSikl7dkU\" target=\"_blank\" rel=\"noopener\">chanter ici<\/a><\/li>\n<li>Le faucon P\u00e9lerin<\/li>\n<li>Le Milan Noir<\/li>\n<li>La Bondr\u00e9e apivore<\/li>\n<li>Le Circa\u00e8te Jean-le-Blanc<\/li>\n<\/ul>\n<p>Les choses seraient simples si on pouvaient dire que certaines esp\u00e8ces migrent et d&rsquo;autres non. En fait, suivant les endroits, il peut y avoir des migrations partielles avec certains oiseaux qui migrent et d&rsquo;autres non, au sein de la m\u00eame esp\u00e8ce.<\/p>\n<p>Complexit\u00e9 suppl\u00e9mentaire: les oiseaux d&rsquo;une m\u00eame esp\u00e8ce ne suivent pas toujours le chemin le plus court, m\u00eame sur des trajets tr\u00e8s longs. Pourquoi ? Il faut trouver \u00e0 manger mais aussi certains chemins sont plus faciles \u00e0 suivre que d&rsquo;autres, avec la pr\u00e9sence de vents ou la possibilit\u00e9 de profiter d&rsquo;ascendants thermiques. Ce dernier cas concerne les rapaces et les grands oiseaux planeurs en g\u00e9n\u00e9ral. Ces derniers n&rsquo;aiment pas migrer au-dessus de la mer car les ascendances sont plus rares.<\/p>\n<p>Si vous avez du mal \u00e0 r\u00e9aliser la taille des rapaces, commandez des silhouettes grandeur nature <a href=\"https:\/\/art-et-culture-du-monde.fr\/blog\/outils-pedagogiques-2\/\" target=\"_blank\" rel=\"noopener\">sur cette page<\/a>. Je r\u00e9alise celles que vous souhaitez.<\/p>\n<p>&nbsp;<\/p>\n<p>&nbsp;<\/p>\n<p>&nbsp;<\/p>\n<p>[\/et_pb_text][\/et_pb_column][\/et_pb_row][\/et_pb_section]<\/p>\n","protected":false},"excerpt":{"rendered":"<p>A l&rsquo;Automne, les oiseaux se partagent en 2 cat\u00e9gories: Ceux qui font avec ce qu&rsquo;ils ont sur place Ceux qui font leur valise pour des r\u00e9gions plus cl\u00e9mentes Mais, pourquoi les oiseaux migrent-ils ? Sont-ils si frileux ? Non, contrairement \u00e0 ce qu&rsquo;on peut penser, la contrainte n&rsquo;est pas la temp\u00e9rature, mais, le manque de [&hellip;]<\/p>\n","protected":false},"author":2,"featured_media":3663,"comment_status":"closed","ping_status":"open","sticky":false,"template":"","format":"standard","meta":{"_et_pb_use_builder":"on","_et_pb_old_content":"","_et_gb_content_width":"","_jetpack_memberships_contains_paid_content":false,"footnotes":"","jetpack_publicize_message":"","jetpack_publicize_feature_enabled":true,"jetpack_social_post_already_shared":true,"jetpack_social_options":{"image_generator_settings":{"template":"highway","default_image_id":0,"font":"","enabled":false},"version":2}},"categories":[22,3,15],"tags":[],"class_list":["post-3654","post","type-post","status-publish","format-standard","has-post-thumbnail","hentry","category-divers","category-loeuf-et-loiseau","category-rapaces"],"yoast_head":"<!-- This site is optimized with the Yoast SEO plugin v27.2 - https:\/\/yoast.com\/product\/yoast-seo-wordpress\/ -->\n<title>La migration des oiseaux ou les n\u00e9cessit\u00e9s naturelles de la circulation a\u00e9rienne ...<\/title>\n<meta name=\"description\" content=\"La migration des oiseaux, un ph\u00e9nom\u00e8ne saisonnier qui m\u00e9rite d&#039;\u00eatre connu. Pourquoi les oiseaux voyagent-ils parfois tr\u00e8s loin ?\" \/>\n<meta name=\"robots\" content=\"index, follow, max-snippet:-1, max-image-preview:large, max-video-preview:-1\" \/>\n<link rel=\"canonical\" href=\"https:\/\/art-et-culture-du-monde.fr\/blog\/rapaces\/la-migration-des-oiseaux\/\" \/>\n<meta property=\"og:locale\" content=\"fr_FR\" \/>\n<meta property=\"og:type\" content=\"article\" \/>\n<meta property=\"og:title\" content=\"La migration des oiseaux ou les n\u00e9cessit\u00e9s naturelles de la circulation a\u00e9rienne ...\" \/>\n<meta property=\"og:description\" content=\"La migration des oiseaux, un ph\u00e9nom\u00e8ne saisonnier qui m\u00e9rite d&#039;\u00eatre connu. Pourquoi les oiseaux voyagent-ils parfois tr\u00e8s loin ?\" \/>\n<meta property=\"og:url\" content=\"https:\/\/art-et-culture-du-monde.fr\/blog\/rapaces\/la-migration-des-oiseaux\/\" \/>\n<meta property=\"og:site_name\" content=\"La Nature d&#039;Eric\" \/>\n<meta property=\"article:publisher\" content=\"https:\/\/www.facebook.com\/Art-et-Culture-du-Monde-ACM-175103796680\/\" \/>\n<meta property=\"article:published_time\" content=\"2024-09-29T20:06:47+00:00\" \/>\n<meta property=\"article:modified_time\" content=\"2024-10-05T14:55:24+00:00\" \/>\n<meta property=\"og:image\" content=\"https:\/\/art-et-culture-du-monde.fr\/blog\/wp-content\/uploads\/2024\/09\/penguin-154747_1920.png\" \/>\n\t<meta property=\"og:image:width\" content=\"1920\" \/>\n\t<meta property=\"og:image:height\" content=\"1548\" \/>\n\t<meta property=\"og:image:type\" content=\"image\/png\" \/>\n<meta name=\"author\" content=\"Eric Mourniac\" \/>\n<meta name=\"twitter:card\" content=\"summary_large_image\" \/>\n<meta name=\"twitter:label1\" content=\"\u00c9crit par\" \/>\n\t<meta name=\"twitter:data1\" content=\"Eric Mourniac\" \/>\n\t<meta name=\"twitter:label2\" content=\"Dur\u00e9e de lecture estim\u00e9e\" \/>\n\t<meta name=\"twitter:data2\" content=\"3 minutes\" \/>\n<script type=\"application\/ld+json\" class=\"yoast-schema-graph\">{\"@context\":\"https:\/\/schema.org\",\"@graph\":[{\"@type\":\"Article\",\"@id\":\"https:\/\/art-et-culture-du-monde.fr\/blog\/rapaces\/la-migration-des-oiseaux\/#article\",\"isPartOf\":{\"@id\":\"https:\/\/art-et-culture-du-monde.fr\/blog\/rapaces\/la-migration-des-oiseaux\/\"},\"author\":{\"name\":\"Eric Mourniac\",\"@id\":\"https:\/\/art-et-culture-du-monde.fr\/blog\/#\/schema\/person\/740c493c6869241b754b57c6b1824b6a\"},\"headline\":\"La migration des oiseaux ou les n\u00e9cessit\u00e9s naturelles de la circulation a\u00e9rienne &#8230;\",\"datePublished\":\"2024-09-29T20:06:47+00:00\",\"dateModified\":\"2024-10-05T14:55:24+00:00\",\"mainEntityOfPage\":{\"@id\":\"https:\/\/art-et-culture-du-monde.fr\/blog\/rapaces\/la-migration-des-oiseaux\/\"},\"wordCount\":486,\"image\":{\"@id\":\"https:\/\/art-et-culture-du-monde.fr\/blog\/rapaces\/la-migration-des-oiseaux\/#primaryimage\"},\"thumbnailUrl\":\"https:\/\/art-et-culture-du-monde.fr\/blog\/wp-content\/uploads\/2024\/09\/penguin-154747_1920.png\",\"articleSection\":[\"Divers\",\"L'oeuf et l'oiseau\",\"Rapaces\"],\"inLanguage\":\"fr-FR\"},{\"@type\":\"WebPage\",\"@id\":\"https:\/\/art-et-culture-du-monde.fr\/blog\/rapaces\/la-migration-des-oiseaux\/\",\"url\":\"https:\/\/art-et-culture-du-monde.fr\/blog\/rapaces\/la-migration-des-oiseaux\/\",\"name\":\"La migration des oiseaux ou les n\u00e9cessit\u00e9s naturelles de la circulation a\u00e9rienne ...\",\"isPartOf\":{\"@id\":\"https:\/\/art-et-culture-du-monde.fr\/blog\/#website\"},\"primaryImageOfPage\":{\"@id\":\"https:\/\/art-et-culture-du-monde.fr\/blog\/rapaces\/la-migration-des-oiseaux\/#primaryimage\"},\"image\":{\"@id\":\"https:\/\/art-et-culture-du-monde.fr\/blog\/rapaces\/la-migration-des-oiseaux\/#primaryimage\"},\"thumbnailUrl\":\"https:\/\/art-et-culture-du-monde.fr\/blog\/wp-content\/uploads\/2024\/09\/penguin-154747_1920.png\",\"datePublished\":\"2024-09-29T20:06:47+00:00\",\"dateModified\":\"2024-10-05T14:55:24+00:00\",\"author\":{\"@id\":\"https:\/\/art-et-culture-du-monde.fr\/blog\/#\/schema\/person\/740c493c6869241b754b57c6b1824b6a\"},\"description\":\"La migration des oiseaux, un ph\u00e9nom\u00e8ne saisonnier qui m\u00e9rite d'\u00eatre connu. Pourquoi les oiseaux voyagent-ils parfois tr\u00e8s loin ?\",\"breadcrumb\":{\"@id\":\"https:\/\/art-et-culture-du-monde.fr\/blog\/rapaces\/la-migration-des-oiseaux\/#breadcrumb\"},\"inLanguage\":\"fr-FR\",\"potentialAction\":[{\"@type\":\"ReadAction\",\"target\":[\"https:\/\/art-et-culture-du-monde.fr\/blog\/rapaces\/la-migration-des-oiseaux\/\"]}]},{\"@type\":\"ImageObject\",\"inLanguage\":\"fr-FR\",\"@id\":\"https:\/\/art-et-culture-du-monde.fr\/blog\/rapaces\/la-migration-des-oiseaux\/#primaryimage\",\"url\":\"https:\/\/art-et-culture-du-monde.fr\/blog\/wp-content\/uploads\/2024\/09\/penguin-154747_1920.png\",\"contentUrl\":\"https:\/\/art-et-culture-du-monde.fr\/blog\/wp-content\/uploads\/2024\/09\/penguin-154747_1920.png\",\"width\":1920,\"height\":1548,\"caption\":\"Migration des oiseaux\"},{\"@type\":\"BreadcrumbList\",\"@id\":\"https:\/\/art-et-culture-du-monde.fr\/blog\/rapaces\/la-migration-des-oiseaux\/#breadcrumb\",\"itemListElement\":[{\"@type\":\"ListItem\",\"position\":1,\"name\":\"Accueil\",\"item\":\"https:\/\/art-et-culture-du-monde.fr\/blog\/\"},{\"@type\":\"ListItem\",\"position\":2,\"name\":\"La migration des oiseaux ou les n\u00e9cessit\u00e9s naturelles de la circulation a\u00e9rienne &#8230;\"}]},{\"@type\":\"WebSite\",\"@id\":\"https:\/\/art-et-culture-du-monde.fr\/blog\/#website\",\"url\":\"https:\/\/art-et-culture-du-monde.fr\/blog\/\",\"name\":\"La Nature d&#039;Eric\",\"description\":\"D\u00e9couvrir - Partager - Pr\u00e9server\",\"potentialAction\":[{\"@type\":\"SearchAction\",\"target\":{\"@type\":\"EntryPoint\",\"urlTemplate\":\"https:\/\/art-et-culture-du-monde.fr\/blog\/?s={search_term_string}\"},\"query-input\":{\"@type\":\"PropertyValueSpecification\",\"valueRequired\":true,\"valueName\":\"search_term_string\"}}],\"inLanguage\":\"fr-FR\"},{\"@type\":\"Person\",\"@id\":\"https:\/\/art-et-culture-du-monde.fr\/blog\/#\/schema\/person\/740c493c6869241b754b57c6b1824b6a\",\"name\":\"Eric Mourniac\",\"image\":{\"@type\":\"ImageObject\",\"inLanguage\":\"fr-FR\",\"@id\":\"https:\/\/secure.gravatar.com\/avatar\/2b18d0363e04108d41c7817be3834a4f5de791e83e3fb049640ed951ffa5ed0a?s=96&d=mm&r=g\",\"url\":\"https:\/\/secure.gravatar.com\/avatar\/2b18d0363e04108d41c7817be3834a4f5de791e83e3fb049640ed951ffa5ed0a?s=96&d=mm&r=g\",\"contentUrl\":\"https:\/\/secure.gravatar.com\/avatar\/2b18d0363e04108d41c7817be3834a4f5de791e83e3fb049640ed951ffa5ed0a?s=96&d=mm&r=g\",\"caption\":\"Eric Mourniac\"},\"url\":\"https:\/\/art-et-culture-du-monde.fr\/blog\/author\/e-mourniac\/\"}]}<\/script>\n<!-- \/ Yoast SEO plugin. -->","yoast_head_json":{"title":"La migration des oiseaux ou les n\u00e9cessit\u00e9s naturelles de la circulation a\u00e9rienne ...","description":"La migration des oiseaux, un ph\u00e9nom\u00e8ne saisonnier qui m\u00e9rite d'\u00eatre connu. Pourquoi les oiseaux voyagent-ils parfois tr\u00e8s loin ?","robots":{"index":"index","follow":"follow","max-snippet":"max-snippet:-1","max-image-preview":"max-image-preview:large","max-video-preview":"max-video-preview:-1"},"canonical":"https:\/\/art-et-culture-du-monde.fr\/blog\/rapaces\/la-migration-des-oiseaux\/","og_locale":"fr_FR","og_type":"article","og_title":"La migration des oiseaux ou les n\u00e9cessit\u00e9s naturelles de la circulation a\u00e9rienne ...","og_description":"La migration des oiseaux, un ph\u00e9nom\u00e8ne saisonnier qui m\u00e9rite d'\u00eatre connu. Pourquoi les oiseaux voyagent-ils parfois tr\u00e8s loin ?","og_url":"https:\/\/art-et-culture-du-monde.fr\/blog\/rapaces\/la-migration-des-oiseaux\/","og_site_name":"La Nature d&#039;Eric","article_publisher":"https:\/\/www.facebook.com\/Art-et-Culture-du-Monde-ACM-175103796680\/","article_published_time":"2024-09-29T20:06:47+00:00","article_modified_time":"2024-10-05T14:55:24+00:00","og_image":[{"width":1920,"height":1548,"url":"https:\/\/art-et-culture-du-monde.fr\/blog\/wp-content\/uploads\/2024\/09\/penguin-154747_1920.png","type":"image\/png"}],"author":"Eric Mourniac","twitter_card":"summary_large_image","twitter_misc":{"\u00c9crit par":"Eric Mourniac","Dur\u00e9e de lecture estim\u00e9e":"3 minutes"},"schema":{"@context":"https:\/\/schema.org","@graph":[{"@type":"Article","@id":"https:\/\/art-et-culture-du-monde.fr\/blog\/rapaces\/la-migration-des-oiseaux\/#article","isPartOf":{"@id":"https:\/\/art-et-culture-du-monde.fr\/blog\/rapaces\/la-migration-des-oiseaux\/"},"author":{"name":"Eric Mourniac","@id":"https:\/\/art-et-culture-du-monde.fr\/blog\/#\/schema\/person\/740c493c6869241b754b57c6b1824b6a"},"headline":"La migration des oiseaux ou les n\u00e9cessit\u00e9s naturelles de la circulation a\u00e9rienne &#8230;","datePublished":"2024-09-29T20:06:47+00:00","dateModified":"2024-10-05T14:55:24+00:00","mainEntityOfPage":{"@id":"https:\/\/art-et-culture-du-monde.fr\/blog\/rapaces\/la-migration-des-oiseaux\/"},"wordCount":486,"image":{"@id":"https:\/\/art-et-culture-du-monde.fr\/blog\/rapaces\/la-migration-des-oiseaux\/#primaryimage"},"thumbnailUrl":"https:\/\/art-et-culture-du-monde.fr\/blog\/wp-content\/uploads\/2024\/09\/penguin-154747_1920.png","articleSection":["Divers","L'oeuf et l'oiseau","Rapaces"],"inLanguage":"fr-FR"},{"@type":"WebPage","@id":"https:\/\/art-et-culture-du-monde.fr\/blog\/rapaces\/la-migration-des-oiseaux\/","url":"https:\/\/art-et-culture-du-monde.fr\/blog\/rapaces\/la-migration-des-oiseaux\/","name":"La migration des oiseaux ou les n\u00e9cessit\u00e9s naturelles de la circulation a\u00e9rienne ...","isPartOf":{"@id":"https:\/\/art-et-culture-du-monde.fr\/blog\/#website"},"primaryImageOfPage":{"@id":"https:\/\/art-et-culture-du-monde.fr\/blog\/rapaces\/la-migration-des-oiseaux\/#primaryimage"},"image":{"@id":"https:\/\/art-et-culture-du-monde.fr\/blog\/rapaces\/la-migration-des-oiseaux\/#primaryimage"},"thumbnailUrl":"https:\/\/art-et-culture-du-monde.fr\/blog\/wp-content\/uploads\/2024\/09\/penguin-154747_1920.png","datePublished":"2024-09-29T20:06:47+00:00","dateModified":"2024-10-05T14:55:24+00:00","author":{"@id":"https:\/\/art-et-culture-du-monde.fr\/blog\/#\/schema\/person\/740c493c6869241b754b57c6b1824b6a"},"description":"La migration des oiseaux, un ph\u00e9nom\u00e8ne saisonnier qui m\u00e9rite d'\u00eatre connu. Pourquoi les oiseaux voyagent-ils parfois tr\u00e8s loin ?","breadcrumb":{"@id":"https:\/\/art-et-culture-du-monde.fr\/blog\/rapaces\/la-migration-des-oiseaux\/#breadcrumb"},"inLanguage":"fr-FR","potentialAction":[{"@type":"ReadAction","target":["https:\/\/art-et-culture-du-monde.fr\/blog\/rapaces\/la-migration-des-oiseaux\/"]}]},{"@type":"ImageObject","inLanguage":"fr-FR","@id":"https:\/\/art-et-culture-du-monde.fr\/blog\/rapaces\/la-migration-des-oiseaux\/#primaryimage","url":"https:\/\/art-et-culture-du-monde.fr\/blog\/wp-content\/uploads\/2024\/09\/penguin-154747_1920.png","contentUrl":"https:\/\/art-et-culture-du-monde.fr\/blog\/wp-content\/uploads\/2024\/09\/penguin-154747_1920.png","width":1920,"height":1548,"caption":"Migration des oiseaux"},{"@type":"BreadcrumbList","@id":"https:\/\/art-et-culture-du-monde.fr\/blog\/rapaces\/la-migration-des-oiseaux\/#breadcrumb","itemListElement":[{"@type":"ListItem","position":1,"name":"Accueil","item":"https:\/\/art-et-culture-du-monde.fr\/blog\/"},{"@type":"ListItem","position":2,"name":"La migration des oiseaux ou les n\u00e9cessit\u00e9s naturelles de la circulation a\u00e9rienne &#8230;"}]},{"@type":"WebSite","@id":"https:\/\/art-et-culture-du-monde.fr\/blog\/#website","url":"https:\/\/art-et-culture-du-monde.fr\/blog\/","name":"La Nature d&#039;Eric","description":"D\u00e9couvrir - Partager - Pr\u00e9server","potentialAction":[{"@type":"SearchAction","target":{"@type":"EntryPoint","urlTemplate":"https:\/\/art-et-culture-du-monde.fr\/blog\/?s={search_term_string}"},"query-input":{"@type":"PropertyValueSpecification","valueRequired":true,"valueName":"search_term_string"}}],"inLanguage":"fr-FR"},{"@type":"Person","@id":"https:\/\/art-et-culture-du-monde.fr\/blog\/#\/schema\/person\/740c493c6869241b754b57c6b1824b6a","name":"Eric Mourniac","image":{"@type":"ImageObject","inLanguage":"fr-FR","@id":"https:\/\/secure.gravatar.com\/avatar\/2b18d0363e04108d41c7817be3834a4f5de791e83e3fb049640ed951ffa5ed0a?s=96&d=mm&r=g","url":"https:\/\/secure.gravatar.com\/avatar\/2b18d0363e04108d41c7817be3834a4f5de791e83e3fb049640ed951ffa5ed0a?s=96&d=mm&r=g","contentUrl":"https:\/\/secure.gravatar.com\/avatar\/2b18d0363e04108d41c7817be3834a4f5de791e83e3fb049640ed951ffa5ed0a?s=96&d=mm&r=g","caption":"Eric Mourniac"},"url":"https:\/\/art-et-culture-du-monde.fr\/blog\/author\/e-mourniac\/"}]}},"jetpack_publicize_connections":[],"jetpack_featured_media_url":"https:\/\/art-et-culture-du-monde.fr\/blog\/wp-content\/uploads\/2024\/09\/penguin-154747_1920.png","jetpack-related-posts":[],"jetpack_sharing_enabled":true,"_links":{"self":[{"href":"https:\/\/art-et-culture-du-monde.fr\/blog\/wp-json\/wp\/v2\/posts\/3654","targetHints":{"allow":["GET"]}}],"collection":[{"href":"https:\/\/art-et-culture-du-monde.fr\/blog\/wp-json\/wp\/v2\/posts"}],"about":[{"href":"https:\/\/art-et-culture-du-monde.fr\/blog\/wp-json\/wp\/v2\/types\/post"}],"author":[{"embeddable":true,"href":"https:\/\/art-et-culture-du-monde.fr\/blog\/wp-json\/wp\/v2\/users\/2"}],"replies":[{"embeddable":true,"href":"https:\/\/art-et-culture-du-monde.fr\/blog\/wp-json\/wp\/v2\/comments?post=3654"}],"version-history":[{"count":13,"href":"https:\/\/art-et-culture-du-monde.fr\/blog\/wp-json\/wp\/v2\/posts\/3654\/revisions"}],"predecessor-version":[{"id":3675,"href":"https:\/\/art-et-culture-du-monde.fr\/blog\/wp-json\/wp\/v2\/posts\/3654\/revisions\/3675"}],"wp:featuredmedia":[{"embeddable":true,"href":"https:\/\/art-et-culture-du-monde.fr\/blog\/wp-json\/wp\/v2\/media\/3663"}],"wp:attachment":[{"href":"https:\/\/art-et-culture-du-monde.fr\/blog\/wp-json\/wp\/v2\/media?parent=3654"}],"wp:term":[{"taxonomy":"category","embeddable":true,"href":"https:\/\/art-et-culture-du-monde.fr\/blog\/wp-json\/wp\/v2\/categories?post=3654"},{"taxonomy":"post_tag","embeddable":true,"href":"https:\/\/art-et-culture-du-monde.fr\/blog\/wp-json\/wp\/v2\/tags?post=3654"}],"curies":[{"name":"wp","href":"https:\/\/api.w.org\/{rel}","templated":true}]}}