{"id":3542,"date":"2023-09-29T13:58:12","date_gmt":"2023-09-29T11:58:12","guid":{"rendered":"https:\/\/art-et-culture-du-monde.fr\/blog\/?p=3542"},"modified":"2024-10-24T12:56:14","modified_gmt":"2024-10-24T10:56:14","slug":"a-propos-de-la-fresque-du-climat","status":"publish","type":"post","link":"https:\/\/art-et-culture-du-monde.fr\/blog\/divers\/a-propos-de-la-fresque-du-climat\/","title":{"rendered":"A propos de la fresque du climat &#8230;"},"content":{"rendered":"<p>[et_pb_section fb_built=\u00a0\u00bb1&Prime; _builder_version=\u00a0\u00bb4.16&Prime; global_colors_info=\u00a0\u00bb{}\u00a0\u00bb][et_pb_row _builder_version=\u00a0\u00bb4.16&Prime; background_size=\u00a0\u00bbinitial\u00a0\u00bb background_position=\u00a0\u00bbtop_left\u00a0\u00bb background_repeat=\u00a0\u00bbrepeat\u00a0\u00bb global_colors_info=\u00a0\u00bb{}\u00a0\u00bb][et_pb_column type=\u00a0\u00bb4_4&Prime; _builder_version=\u00a0\u00bb4.16&Prime; custom_padding=\u00a0\u00bb|||\u00a0\u00bb global_colors_info=\u00a0\u00bb{}\u00a0\u00bb custom_padding__hover=\u00a0\u00bb|||\u00a0\u00bb][et_pb_text _builder_version=\u00a0\u00bb4.22.1&Prime; text_text_color=\u00a0\u00bb#000000&Prime; text_font_size=\u00a0\u00bb18px\u00a0\u00bb background_size=\u00a0\u00bbinitial\u00a0\u00bb background_position=\u00a0\u00bbtop_left\u00a0\u00bb background_repeat=\u00a0\u00bbrepeat\u00a0\u00bb global_colors_info=\u00a0\u00bb{}\u00a0\u00bb]<\/p>\n<p>\u00ab\u00a0La fresque du climat\u00a0\u00bb devient tr\u00e8s populaire dans les milieux \u00e9cologistes et d\u00e9sireux de convaincre un peu plus le grand public.<\/p>\n<p>Bon, j&rsquo;ai particip\u00e9 \u00e0 une \u00ab\u00a0fresque du climat\u00a0\u00bb, et autant le dire de suite, je n&rsquo;ai pas aim\u00e9. \u00c9videmment, cela m\u00e9rite un peu de d\u00e9veloppement:<\/p>\n<p>Alors, comment \u00e7a se pr\u00e9sente ?<\/p>\n<p>Il s&rsquo;agit, en \u00e9quipe, de mettre des cartes dans \u00ab\u00a0l&rsquo;ordre\u00a0\u00bb, mais quel ordre ?<\/p>\n<p>Vous avez une carte \u00ab\u00a0activit\u00e9s humaines\u00a0\u00bb, vous la retournez et vous pouvez lire: \u00ab\u00a0c&rsquo;est l\u00e0 que tout commence\u00a0\u00bb. Pour la mise dans l&rsquo;ordre \u00ab\u00a0libre\u00a0\u00bb (indication de l&rsquo;animateur), \u00e7a commence mal.<\/p>\n<p>On a ensuite sur chaque carte une cons\u00e9quence, toujours n\u00e9gative, et une suite d&rsquo;impacts sur les humains.<\/p>\n<p>Donc, au final, on commence par les activit\u00e9s humaines pour finir par des cons\u00e9quences toutes plus catastrophiques les unes que les autres.<\/p>\n<p>A la fin, l&rsquo;animateur vous demande votre ressenti. Et vous savez quoi ?<\/p>\n<p>La plupart, dans mon groupe en tout cas, on finit par se d\u00e9clarer effray\u00e9s. Surprenant ? Non. vous passez 3h \u00e0 manipuler des cartes o\u00f9 la SEULE conclusion est que le changement du climat est d\u00fb \u00e0 l&rsquo;Homme, avec une pr\u00e9sentation de toute une s\u00e9rie de catastrophes. Forc\u00e9ment, une personne normale sera effray\u00e9e ou en col\u00e8re.<\/p>\n<p>Bon, et certains me diront et alors ?<\/p>\n<p>Et alors, cette fresque, pour moi, ne s&rsquo;apparente pas \u00e0 un exercice p\u00e9dagogique, mais \u00e0 un exercice de propagande, dans la mesure o\u00f9 la pr\u00e9tendue libert\u00e9 de disposition des cartes est une illusion.<\/p>\n<p>Un seul message possible, l&rsquo;Homme est responsable de tout.<\/p>\n<p>Ah, et histoire de parfaire la culpabilisation, nous avons fini par: que pouvons nous faire ?<\/p>\n<p>On n&rsquo;est finalement pas loin des dogmes d&rsquo;une religion et tr\u00e8s loin de ce qui devrait \u00eatre une r\u00e9flexion scientifique. Arr\u00eatons de prendre le grand public pour des enfants ou des imb\u00e9ciles.<\/p>\n<p>&nbsp;<\/p>\n<p>&nbsp;<\/p>\n<p>&nbsp;<\/p>\n<p>[\/et_pb_text][\/et_pb_column][\/et_pb_row][\/et_pb_section]<\/p>\n","protected":false},"excerpt":{"rendered":"<p>\u00ab\u00a0La fresque du climat\u00a0\u00bb devient tr\u00e8s populaire dans les milieux \u00e9cologistes et d\u00e9sireux de convaincre un peu plus le grand public. Bon, j&rsquo;ai particip\u00e9 \u00e0 une \u00ab\u00a0fresque du climat\u00a0\u00bb, et autant le dire de suite, je n&rsquo;ai pas aim\u00e9. \u00c9videmment, cela m\u00e9rite un peu de d\u00e9veloppement: Alors, comment \u00e7a se pr\u00e9sente ? Il s&rsquo;agit, en [&hellip;]<\/p>\n","protected":false},"author":1,"featured_media":0,"comment_status":"closed","ping_status":"open","sticky":false,"template":"","format":"standard","meta":{"_et_pb_use_builder":"on","_et_pb_old_content":"<p>Bon, j'ai particip\u00e9 \u00e0 une fresque du climat et, je vais annonc\u00e9 la couleur de suite, je n'ai pas aim\u00e9.<\/p>","_et_gb_content_width":"","_jetpack_memberships_contains_paid_content":false,"footnotes":"","jetpack_publicize_message":"","jetpack_publicize_feature_enabled":true,"jetpack_social_post_already_shared":true,"jetpack_social_options":{"image_generator_settings":{"template":"highway","default_image_id":0,"font":"","enabled":false},"version":2}},"categories":[22],"tags":[],"class_list":["post-3542","post","type-post","status-publish","format-standard","hentry","category-divers"],"yoast_head":"<!-- This site is optimized with the Yoast SEO plugin v27.2 - https:\/\/yoast.com\/product\/yoast-seo-wordpress\/ -->\n<title>A propos de la fresque du climat ... - La Nature d&#039;Eric<\/title>\n<meta name=\"description\" content=\"J&#039;ai particip\u00e9 \u00e0 une fresque du climat. Je donne ici mon avis sur une fresque bien partielle, voire partiale.\" \/>\n<meta name=\"robots\" content=\"index, follow, max-snippet:-1, max-image-preview:large, max-video-preview:-1\" \/>\n<link rel=\"canonical\" href=\"https:\/\/art-et-culture-du-monde.fr\/blog\/divers\/a-propos-de-la-fresque-du-climat\/\" \/>\n<meta property=\"og:locale\" content=\"fr_FR\" \/>\n<meta property=\"og:type\" content=\"article\" \/>\n<meta property=\"og:title\" content=\"A propos de la fresque du climat ... - La Nature d&#039;Eric\" \/>\n<meta property=\"og:description\" content=\"J&#039;ai particip\u00e9 \u00e0 une fresque du climat. Je donne ici mon avis sur une fresque bien partielle, voire partiale.\" \/>\n<meta property=\"og:url\" content=\"https:\/\/art-et-culture-du-monde.fr\/blog\/divers\/a-propos-de-la-fresque-du-climat\/\" \/>\n<meta property=\"og:site_name\" content=\"La Nature d&#039;Eric\" \/>\n<meta property=\"article:publisher\" content=\"https:\/\/www.facebook.com\/Art-et-Culture-du-Monde-ACM-175103796680\/\" \/>\n<meta property=\"article:published_time\" content=\"2023-09-29T11:58:12+00:00\" \/>\n<meta property=\"article:modified_time\" content=\"2024-10-24T10:56:14+00:00\" \/>\n<meta name=\"author\" content=\"admin\" \/>\n<meta name=\"twitter:card\" content=\"summary_large_image\" \/>\n<meta name=\"twitter:label1\" content=\"\u00c9crit par\" \/>\n\t<meta name=\"twitter:data1\" content=\"admin\" \/>\n\t<meta name=\"twitter:label2\" content=\"Dur\u00e9e de lecture estim\u00e9e\" \/>\n\t<meta name=\"twitter:data2\" content=\"2 minutes\" \/>\n<script type=\"application\/ld+json\" class=\"yoast-schema-graph\">{\"@context\":\"https:\/\/schema.org\",\"@graph\":[{\"@type\":\"Article\",\"@id\":\"https:\/\/art-et-culture-du-monde.fr\/blog\/divers\/a-propos-de-la-fresque-du-climat\/#article\",\"isPartOf\":{\"@id\":\"https:\/\/art-et-culture-du-monde.fr\/blog\/divers\/a-propos-de-la-fresque-du-climat\/\"},\"author\":{\"name\":\"admin\",\"@id\":\"https:\/\/art-et-culture-du-monde.fr\/blog\/#\/schema\/person\/51a1ee732598167b4faba4452b9b40f4\"},\"headline\":\"A propos de la fresque du climat &#8230;\",\"datePublished\":\"2023-09-29T11:58:12+00:00\",\"dateModified\":\"2024-10-24T10:56:14+00:00\",\"mainEntityOfPage\":{\"@id\":\"https:\/\/art-et-culture-du-monde.fr\/blog\/divers\/a-propos-de-la-fresque-du-climat\/\"},\"wordCount\":403,\"articleSection\":[\"Divers\"],\"inLanguage\":\"fr-FR\"},{\"@type\":\"WebPage\",\"@id\":\"https:\/\/art-et-culture-du-monde.fr\/blog\/divers\/a-propos-de-la-fresque-du-climat\/\",\"url\":\"https:\/\/art-et-culture-du-monde.fr\/blog\/divers\/a-propos-de-la-fresque-du-climat\/\",\"name\":\"A propos de la fresque du climat ... - La Nature d&#039;Eric\",\"isPartOf\":{\"@id\":\"https:\/\/art-et-culture-du-monde.fr\/blog\/#website\"},\"datePublished\":\"2023-09-29T11:58:12+00:00\",\"dateModified\":\"2024-10-24T10:56:14+00:00\",\"author\":{\"@id\":\"https:\/\/art-et-culture-du-monde.fr\/blog\/#\/schema\/person\/51a1ee732598167b4faba4452b9b40f4\"},\"description\":\"J'ai particip\u00e9 \u00e0 une fresque du climat. Je donne ici mon avis sur une fresque bien partielle, voire partiale.\",\"breadcrumb\":{\"@id\":\"https:\/\/art-et-culture-du-monde.fr\/blog\/divers\/a-propos-de-la-fresque-du-climat\/#breadcrumb\"},\"inLanguage\":\"fr-FR\",\"potentialAction\":[{\"@type\":\"ReadAction\",\"target\":[\"https:\/\/art-et-culture-du-monde.fr\/blog\/divers\/a-propos-de-la-fresque-du-climat\/\"]}]},{\"@type\":\"BreadcrumbList\",\"@id\":\"https:\/\/art-et-culture-du-monde.fr\/blog\/divers\/a-propos-de-la-fresque-du-climat\/#breadcrumb\",\"itemListElement\":[{\"@type\":\"ListItem\",\"position\":1,\"name\":\"Accueil\",\"item\":\"https:\/\/art-et-culture-du-monde.fr\/blog\/\"},{\"@type\":\"ListItem\",\"position\":2,\"name\":\"A propos de la fresque du climat &#8230;\"}]},{\"@type\":\"WebSite\",\"@id\":\"https:\/\/art-et-culture-du-monde.fr\/blog\/#website\",\"url\":\"https:\/\/art-et-culture-du-monde.fr\/blog\/\",\"name\":\"La Nature d&#039;Eric\",\"description\":\"D\u00e9couvrir - Partager - Pr\u00e9server\",\"potentialAction\":[{\"@type\":\"SearchAction\",\"target\":{\"@type\":\"EntryPoint\",\"urlTemplate\":\"https:\/\/art-et-culture-du-monde.fr\/blog\/?s={search_term_string}\"},\"query-input\":{\"@type\":\"PropertyValueSpecification\",\"valueRequired\":true,\"valueName\":\"search_term_string\"}}],\"inLanguage\":\"fr-FR\"},{\"@type\":\"Person\",\"@id\":\"https:\/\/art-et-culture-du-monde.fr\/blog\/#\/schema\/person\/51a1ee732598167b4faba4452b9b40f4\",\"name\":\"admin\",\"image\":{\"@type\":\"ImageObject\",\"inLanguage\":\"fr-FR\",\"@id\":\"https:\/\/secure.gravatar.com\/avatar\/92f332a8231e23f37746496fb64e53c5ba5234b0ab3bbb50d312ff6f299e04ea?s=96&d=mm&r=g\",\"url\":\"https:\/\/secure.gravatar.com\/avatar\/92f332a8231e23f37746496fb64e53c5ba5234b0ab3bbb50d312ff6f299e04ea?s=96&d=mm&r=g\",\"contentUrl\":\"https:\/\/secure.gravatar.com\/avatar\/92f332a8231e23f37746496fb64e53c5ba5234b0ab3bbb50d312ff6f299e04ea?s=96&d=mm&r=g\",\"caption\":\"admin\"},\"url\":\"https:\/\/art-et-culture-du-monde.fr\/blog\/author\/admin\/\"}]}<\/script>\n<!-- \/ Yoast SEO plugin. -->","yoast_head_json":{"title":"A propos de la fresque du climat ... - La Nature d&#039;Eric","description":"J'ai particip\u00e9 \u00e0 une fresque du climat. Je donne ici mon avis sur une fresque bien partielle, voire partiale.","robots":{"index":"index","follow":"follow","max-snippet":"max-snippet:-1","max-image-preview":"max-image-preview:large","max-video-preview":"max-video-preview:-1"},"canonical":"https:\/\/art-et-culture-du-monde.fr\/blog\/divers\/a-propos-de-la-fresque-du-climat\/","og_locale":"fr_FR","og_type":"article","og_title":"A propos de la fresque du climat ... - La Nature d&#039;Eric","og_description":"J'ai particip\u00e9 \u00e0 une fresque du climat. Je donne ici mon avis sur une fresque bien partielle, voire partiale.","og_url":"https:\/\/art-et-culture-du-monde.fr\/blog\/divers\/a-propos-de-la-fresque-du-climat\/","og_site_name":"La Nature d&#039;Eric","article_publisher":"https:\/\/www.facebook.com\/Art-et-Culture-du-Monde-ACM-175103796680\/","article_published_time":"2023-09-29T11:58:12+00:00","article_modified_time":"2024-10-24T10:56:14+00:00","author":"admin","twitter_card":"summary_large_image","twitter_misc":{"\u00c9crit par":"admin","Dur\u00e9e de lecture estim\u00e9e":"2 minutes"},"schema":{"@context":"https:\/\/schema.org","@graph":[{"@type":"Article","@id":"https:\/\/art-et-culture-du-monde.fr\/blog\/divers\/a-propos-de-la-fresque-du-climat\/#article","isPartOf":{"@id":"https:\/\/art-et-culture-du-monde.fr\/blog\/divers\/a-propos-de-la-fresque-du-climat\/"},"author":{"name":"admin","@id":"https:\/\/art-et-culture-du-monde.fr\/blog\/#\/schema\/person\/51a1ee732598167b4faba4452b9b40f4"},"headline":"A propos de la fresque du climat &#8230;","datePublished":"2023-09-29T11:58:12+00:00","dateModified":"2024-10-24T10:56:14+00:00","mainEntityOfPage":{"@id":"https:\/\/art-et-culture-du-monde.fr\/blog\/divers\/a-propos-de-la-fresque-du-climat\/"},"wordCount":403,"articleSection":["Divers"],"inLanguage":"fr-FR"},{"@type":"WebPage","@id":"https:\/\/art-et-culture-du-monde.fr\/blog\/divers\/a-propos-de-la-fresque-du-climat\/","url":"https:\/\/art-et-culture-du-monde.fr\/blog\/divers\/a-propos-de-la-fresque-du-climat\/","name":"A propos de la fresque du climat ... - La Nature d&#039;Eric","isPartOf":{"@id":"https:\/\/art-et-culture-du-monde.fr\/blog\/#website"},"datePublished":"2023-09-29T11:58:12+00:00","dateModified":"2024-10-24T10:56:14+00:00","author":{"@id":"https:\/\/art-et-culture-du-monde.fr\/blog\/#\/schema\/person\/51a1ee732598167b4faba4452b9b40f4"},"description":"J'ai particip\u00e9 \u00e0 une fresque du climat. Je donne ici mon avis sur une fresque bien partielle, voire partiale.","breadcrumb":{"@id":"https:\/\/art-et-culture-du-monde.fr\/blog\/divers\/a-propos-de-la-fresque-du-climat\/#breadcrumb"},"inLanguage":"fr-FR","potentialAction":[{"@type":"ReadAction","target":["https:\/\/art-et-culture-du-monde.fr\/blog\/divers\/a-propos-de-la-fresque-du-climat\/"]}]},{"@type":"BreadcrumbList","@id":"https:\/\/art-et-culture-du-monde.fr\/blog\/divers\/a-propos-de-la-fresque-du-climat\/#breadcrumb","itemListElement":[{"@type":"ListItem","position":1,"name":"Accueil","item":"https:\/\/art-et-culture-du-monde.fr\/blog\/"},{"@type":"ListItem","position":2,"name":"A propos de la fresque du climat &#8230;"}]},{"@type":"WebSite","@id":"https:\/\/art-et-culture-du-monde.fr\/blog\/#website","url":"https:\/\/art-et-culture-du-monde.fr\/blog\/","name":"La Nature d&#039;Eric","description":"D\u00e9couvrir - Partager - Pr\u00e9server","potentialAction":[{"@type":"SearchAction","target":{"@type":"EntryPoint","urlTemplate":"https:\/\/art-et-culture-du-monde.fr\/blog\/?s={search_term_string}"},"query-input":{"@type":"PropertyValueSpecification","valueRequired":true,"valueName":"search_term_string"}}],"inLanguage":"fr-FR"},{"@type":"Person","@id":"https:\/\/art-et-culture-du-monde.fr\/blog\/#\/schema\/person\/51a1ee732598167b4faba4452b9b40f4","name":"admin","image":{"@type":"ImageObject","inLanguage":"fr-FR","@id":"https:\/\/secure.gravatar.com\/avatar\/92f332a8231e23f37746496fb64e53c5ba5234b0ab3bbb50d312ff6f299e04ea?s=96&d=mm&r=g","url":"https:\/\/secure.gravatar.com\/avatar\/92f332a8231e23f37746496fb64e53c5ba5234b0ab3bbb50d312ff6f299e04ea?s=96&d=mm&r=g","contentUrl":"https:\/\/secure.gravatar.com\/avatar\/92f332a8231e23f37746496fb64e53c5ba5234b0ab3bbb50d312ff6f299e04ea?s=96&d=mm&r=g","caption":"admin"},"url":"https:\/\/art-et-culture-du-monde.fr\/blog\/author\/admin\/"}]}},"jetpack_publicize_connections":[],"jetpack_featured_media_url":"","jetpack-related-posts":[],"jetpack_sharing_enabled":true,"_links":{"self":[{"href":"https:\/\/art-et-culture-du-monde.fr\/blog\/wp-json\/wp\/v2\/posts\/3542","targetHints":{"allow":["GET"]}}],"collection":[{"href":"https:\/\/art-et-culture-du-monde.fr\/blog\/wp-json\/wp\/v2\/posts"}],"about":[{"href":"https:\/\/art-et-culture-du-monde.fr\/blog\/wp-json\/wp\/v2\/types\/post"}],"author":[{"embeddable":true,"href":"https:\/\/art-et-culture-du-monde.fr\/blog\/wp-json\/wp\/v2\/users\/1"}],"replies":[{"embeddable":true,"href":"https:\/\/art-et-culture-du-monde.fr\/blog\/wp-json\/wp\/v2\/comments?post=3542"}],"version-history":[{"count":7,"href":"https:\/\/art-et-culture-du-monde.fr\/blog\/wp-json\/wp\/v2\/posts\/3542\/revisions"}],"predecessor-version":[{"id":3682,"href":"https:\/\/art-et-culture-du-monde.fr\/blog\/wp-json\/wp\/v2\/posts\/3542\/revisions\/3682"}],"wp:attachment":[{"href":"https:\/\/art-et-culture-du-monde.fr\/blog\/wp-json\/wp\/v2\/media?parent=3542"}],"wp:term":[{"taxonomy":"category","embeddable":true,"href":"https:\/\/art-et-culture-du-monde.fr\/blog\/wp-json\/wp\/v2\/categories?post=3542"},{"taxonomy":"post_tag","embeddable":true,"href":"https:\/\/art-et-culture-du-monde.fr\/blog\/wp-json\/wp\/v2\/tags?post=3542"}],"curies":[{"name":"wp","href":"https:\/\/api.w.org\/{rel}","templated":true}]}}