{"id":2791,"date":"2019-04-23T11:01:35","date_gmt":"2019-04-23T09:01:35","guid":{"rendered":"http:\/\/art-et-culture-du-monde.fr\/blog\/?p=2791"},"modified":"2019-04-23T11:01:35","modified_gmt":"2019-04-23T09:01:35","slug":"fiche-de-lecture-le-dernier-ermite","status":"publish","type":"post","link":"https:\/\/art-et-culture-du-monde.fr\/blog\/divers\/fiche-de-lecture-le-dernier-ermite\/","title":{"rendered":"Fiche de lecture &#8211; Le dernier ermite"},"content":{"rendered":"<p style=\"text-align: center;\">&#8211;<\/p>\n<p><span style=\"font-size: large;\">Voici une aventure insolite, celle v\u00e9cue par Christopher Knight. En 1986, il va dispara\u00eetre, jusqu&rsquo;\u00e0 son arrestation en 2014. 27 ans a vivre sans fr\u00e9quenter ses semblables mais \u00e0 3 minutes de marche de l&rsquo;habitation la plus proche.<\/span><\/p>\n<p><span style=\"font-size: large;\">Il s&rsquo;installera dans un endroit difficile d&rsquo;acc\u00e8s et fera tout pour dissimuler sa pr\u00e9sence, allant m\u00eame jusqu&rsquo;\u00e0 ne jamais allumer de feu m\u00eame au c\u0153ur de l&rsquo;hiver. Toutefois, il ne sera jamais totalement autonome. S&rsquo;il va vivre DANS la Nature, il ne vivra pas DE la Nature. Il cambriolera les maisons environnantes (Plus de 1000 effractions!) pour trouver de la nourriture laiss\u00e9e en r\u00e9serve par les vacanciers.<\/span><\/p>\n<p><span style=\"font-size: large;\">Pendant des ann\u00e9es, ses cambriolages myst\u00e9rieux vont alimenter la l\u00e9gende. En effet, il va toujours n\u00e9gliger les objets de valeur. Il s&rsquo;arrangera toujours pour refermer portes et fen\u00eatres derri\u00e8re lui, tel un gentleman cambrioleur des bois.<\/span><\/p>\n<p><span style=\"font-size: large;\">Est-il fou ? Est-il plus fou que celui qui s&rsquo;enferme 8 heures par jour dans un bureau, le nez sur un \u00e9cran ? A chacun de trouver sa r\u00e9ponse. Il reste que nous avons l\u00e0 un cas unique et particuli\u00e8rement surprenant de vie solitaire.<br \/>\n<\/span><\/p>\n<p><span style=\"font-size: large;\">A lire pour le caract\u00e8re insolite de l&rsquo;histoire et les questions qu&rsquo;elle pose sur notre vie moderne.<\/span><\/p>\n<p><span style=\"font-size: large;\">Le dernier ermite &#8211; Michael Finkel &#8211; Edition 10\/18<\/span><\/p>\n<p>&nbsp;<\/p>\n","protected":false},"excerpt":{"rendered":"<p>&#8211; Voici une aventure insolite, celle v\u00e9cue par Christopher Knight. En 1986, il va dispara\u00eetre, jusqu&rsquo;\u00e0 son arrestation en 2014. 27 ans a vivre sans fr\u00e9quenter ses semblables mais \u00e0 3 minutes de marche de l&rsquo;habitation la plus proche. Il s&rsquo;installera dans un endroit difficile d&rsquo;acc\u00e8s et fera tout pour dissimuler sa pr\u00e9sence, allant m\u00eame [&hellip;]<\/p>\n","protected":false},"author":2,"featured_media":2792,"comment_status":"closed","ping_status":"open","sticky":false,"template":"","format":"standard","meta":{"_et_pb_use_builder":"","_et_pb_old_content":"","_et_gb_content_width":"","_jetpack_memberships_contains_paid_content":false,"footnotes":"","jetpack_publicize_message":"","jetpack_publicize_feature_enabled":true,"jetpack_social_post_already_shared":false,"jetpack_social_options":{"image_generator_settings":{"template":"highway","default_image_id":0,"font":"","enabled":false},"version":2}},"categories":[24,22,6],"tags":[],"class_list":["post-2791","post","type-post","status-publish","format-standard","has-post-thumbnail","hentry","category-bibliographie","category-divers","category-surprenant"],"yoast_head":"<!-- This site is optimized with the Yoast SEO plugin v27.2 - https:\/\/yoast.com\/product\/yoast-seo-wordpress\/ -->\n<title>Fiche de lecture - Le dernier ermite - La Nature d&#039;Eric<\/title>\n<meta name=\"robots\" content=\"index, follow, max-snippet:-1, max-image-preview:large, max-video-preview:-1\" \/>\n<link rel=\"canonical\" href=\"https:\/\/art-et-culture-du-monde.fr\/blog\/divers\/fiche-de-lecture-le-dernier-ermite\/\" \/>\n<meta property=\"og:locale\" content=\"fr_FR\" \/>\n<meta property=\"og:type\" content=\"article\" \/>\n<meta property=\"og:title\" content=\"Fiche de lecture - Le dernier ermite - La Nature d&#039;Eric\" \/>\n<meta property=\"og:description\" content=\"&#8211; Voici une aventure insolite, celle v\u00e9cue par Christopher Knight. En 1986, il va dispara\u00eetre, jusqu&rsquo;\u00e0 son arrestation en 2014. 27 ans a vivre sans fr\u00e9quenter ses semblables mais \u00e0 3 minutes de marche de l&rsquo;habitation la plus proche. Il s&rsquo;installera dans un endroit difficile d&rsquo;acc\u00e8s et fera tout pour dissimuler sa pr\u00e9sence, allant m\u00eame [&hellip;]\" \/>\n<meta property=\"og:url\" content=\"https:\/\/art-et-culture-du-monde.fr\/blog\/divers\/fiche-de-lecture-le-dernier-ermite\/\" \/>\n<meta property=\"og:site_name\" content=\"La Nature d&#039;Eric\" \/>\n<meta property=\"article:publisher\" content=\"https:\/\/www.facebook.com\/Art-et-Culture-du-Monde-ACM-175103796680\/\" \/>\n<meta property=\"article:published_time\" content=\"2019-04-23T09:01:35+00:00\" \/>\n<meta property=\"og:image\" content=\"https:\/\/art-et-culture-du-monde.fr\/blog\/wp-content\/uploads\/2019\/04\/20190419_191426-red.jpg\" \/>\n\t<meta property=\"og:image:width\" content=\"520\" \/>\n\t<meta property=\"og:image:height\" content=\"800\" \/>\n\t<meta property=\"og:image:type\" content=\"image\/jpeg\" \/>\n<meta name=\"author\" content=\"Eric Mourniac\" \/>\n<meta name=\"twitter:card\" content=\"summary_large_image\" \/>\n<meta name=\"twitter:label1\" content=\"\u00c9crit par\" \/>\n\t<meta name=\"twitter:data1\" content=\"Eric Mourniac\" \/>\n\t<meta name=\"twitter:label2\" content=\"Dur\u00e9e de lecture estim\u00e9e\" \/>\n\t<meta name=\"twitter:data2\" content=\"1 minute\" \/>\n<script type=\"application\/ld+json\" class=\"yoast-schema-graph\">{\"@context\":\"https:\/\/schema.org\",\"@graph\":[{\"@type\":\"Article\",\"@id\":\"https:\/\/art-et-culture-du-monde.fr\/blog\/divers\/fiche-de-lecture-le-dernier-ermite\/#article\",\"isPartOf\":{\"@id\":\"https:\/\/art-et-culture-du-monde.fr\/blog\/divers\/fiche-de-lecture-le-dernier-ermite\/\"},\"author\":{\"name\":\"Eric Mourniac\",\"@id\":\"https:\/\/art-et-culture-du-monde.fr\/blog\/#\/schema\/person\/740c493c6869241b754b57c6b1824b6a\"},\"headline\":\"Fiche de lecture &#8211; Le dernier ermite\",\"datePublished\":\"2019-04-23T09:01:35+00:00\",\"mainEntityOfPage\":{\"@id\":\"https:\/\/art-et-culture-du-monde.fr\/blog\/divers\/fiche-de-lecture-le-dernier-ermite\/\"},\"wordCount\":229,\"image\":{\"@id\":\"https:\/\/art-et-culture-du-monde.fr\/blog\/divers\/fiche-de-lecture-le-dernier-ermite\/#primaryimage\"},\"thumbnailUrl\":\"https:\/\/art-et-culture-du-monde.fr\/blog\/wp-content\/uploads\/2019\/04\/20190419_191426-red.jpg\",\"articleSection\":[\"Bibliographie\",\"Divers\",\"Surprenant\"],\"inLanguage\":\"fr-FR\"},{\"@type\":\"WebPage\",\"@id\":\"https:\/\/art-et-culture-du-monde.fr\/blog\/divers\/fiche-de-lecture-le-dernier-ermite\/\",\"url\":\"https:\/\/art-et-culture-du-monde.fr\/blog\/divers\/fiche-de-lecture-le-dernier-ermite\/\",\"name\":\"Fiche de lecture - Le dernier ermite - La Nature d&#039;Eric\",\"isPartOf\":{\"@id\":\"https:\/\/art-et-culture-du-monde.fr\/blog\/#website\"},\"primaryImageOfPage\":{\"@id\":\"https:\/\/art-et-culture-du-monde.fr\/blog\/divers\/fiche-de-lecture-le-dernier-ermite\/#primaryimage\"},\"image\":{\"@id\":\"https:\/\/art-et-culture-du-monde.fr\/blog\/divers\/fiche-de-lecture-le-dernier-ermite\/#primaryimage\"},\"thumbnailUrl\":\"https:\/\/art-et-culture-du-monde.fr\/blog\/wp-content\/uploads\/2019\/04\/20190419_191426-red.jpg\",\"datePublished\":\"2019-04-23T09:01:35+00:00\",\"author\":{\"@id\":\"https:\/\/art-et-culture-du-monde.fr\/blog\/#\/schema\/person\/740c493c6869241b754b57c6b1824b6a\"},\"breadcrumb\":{\"@id\":\"https:\/\/art-et-culture-du-monde.fr\/blog\/divers\/fiche-de-lecture-le-dernier-ermite\/#breadcrumb\"},\"inLanguage\":\"fr-FR\",\"potentialAction\":[{\"@type\":\"ReadAction\",\"target\":[\"https:\/\/art-et-culture-du-monde.fr\/blog\/divers\/fiche-de-lecture-le-dernier-ermite\/\"]}]},{\"@type\":\"ImageObject\",\"inLanguage\":\"fr-FR\",\"@id\":\"https:\/\/art-et-culture-du-monde.fr\/blog\/divers\/fiche-de-lecture-le-dernier-ermite\/#primaryimage\",\"url\":\"https:\/\/art-et-culture-du-monde.fr\/blog\/wp-content\/uploads\/2019\/04\/20190419_191426-red.jpg\",\"contentUrl\":\"https:\/\/art-et-culture-du-monde.fr\/blog\/wp-content\/uploads\/2019\/04\/20190419_191426-red.jpg\",\"width\":520,\"height\":800},{\"@type\":\"BreadcrumbList\",\"@id\":\"https:\/\/art-et-culture-du-monde.fr\/blog\/divers\/fiche-de-lecture-le-dernier-ermite\/#breadcrumb\",\"itemListElement\":[{\"@type\":\"ListItem\",\"position\":1,\"name\":\"Accueil\",\"item\":\"https:\/\/art-et-culture-du-monde.fr\/blog\/\"},{\"@type\":\"ListItem\",\"position\":2,\"name\":\"Fiche de lecture &#8211; Le dernier ermite\"}]},{\"@type\":\"WebSite\",\"@id\":\"https:\/\/art-et-culture-du-monde.fr\/blog\/#website\",\"url\":\"https:\/\/art-et-culture-du-monde.fr\/blog\/\",\"name\":\"La Nature d&#039;Eric\",\"description\":\"D\u00e9couvrir - Partager - Pr\u00e9server\",\"potentialAction\":[{\"@type\":\"SearchAction\",\"target\":{\"@type\":\"EntryPoint\",\"urlTemplate\":\"https:\/\/art-et-culture-du-monde.fr\/blog\/?s={search_term_string}\"},\"query-input\":{\"@type\":\"PropertyValueSpecification\",\"valueRequired\":true,\"valueName\":\"search_term_string\"}}],\"inLanguage\":\"fr-FR\"},{\"@type\":\"Person\",\"@id\":\"https:\/\/art-et-culture-du-monde.fr\/blog\/#\/schema\/person\/740c493c6869241b754b57c6b1824b6a\",\"name\":\"Eric Mourniac\",\"image\":{\"@type\":\"ImageObject\",\"inLanguage\":\"fr-FR\",\"@id\":\"https:\/\/secure.gravatar.com\/avatar\/2b18d0363e04108d41c7817be3834a4f5de791e83e3fb049640ed951ffa5ed0a?s=96&d=mm&r=g\",\"url\":\"https:\/\/secure.gravatar.com\/avatar\/2b18d0363e04108d41c7817be3834a4f5de791e83e3fb049640ed951ffa5ed0a?s=96&d=mm&r=g\",\"contentUrl\":\"https:\/\/secure.gravatar.com\/avatar\/2b18d0363e04108d41c7817be3834a4f5de791e83e3fb049640ed951ffa5ed0a?s=96&d=mm&r=g\",\"caption\":\"Eric Mourniac\"},\"url\":\"https:\/\/art-et-culture-du-monde.fr\/blog\/author\/e-mourniac\/\"}]}<\/script>\n<!-- \/ Yoast SEO plugin. -->","yoast_head_json":{"title":"Fiche de lecture - Le dernier ermite - La Nature d&#039;Eric","robots":{"index":"index","follow":"follow","max-snippet":"max-snippet:-1","max-image-preview":"max-image-preview:large","max-video-preview":"max-video-preview:-1"},"canonical":"https:\/\/art-et-culture-du-monde.fr\/blog\/divers\/fiche-de-lecture-le-dernier-ermite\/","og_locale":"fr_FR","og_type":"article","og_title":"Fiche de lecture - Le dernier ermite - La Nature d&#039;Eric","og_description":"&#8211; Voici une aventure insolite, celle v\u00e9cue par Christopher Knight. En 1986, il va dispara\u00eetre, jusqu&rsquo;\u00e0 son arrestation en 2014. 27 ans a vivre sans fr\u00e9quenter ses semblables mais \u00e0 3 minutes de marche de l&rsquo;habitation la plus proche. Il s&rsquo;installera dans un endroit difficile d&rsquo;acc\u00e8s et fera tout pour dissimuler sa pr\u00e9sence, allant m\u00eame [&hellip;]","og_url":"https:\/\/art-et-culture-du-monde.fr\/blog\/divers\/fiche-de-lecture-le-dernier-ermite\/","og_site_name":"La Nature d&#039;Eric","article_publisher":"https:\/\/www.facebook.com\/Art-et-Culture-du-Monde-ACM-175103796680\/","article_published_time":"2019-04-23T09:01:35+00:00","og_image":[{"width":520,"height":800,"url":"https:\/\/art-et-culture-du-monde.fr\/blog\/wp-content\/uploads\/2019\/04\/20190419_191426-red.jpg","type":"image\/jpeg"}],"author":"Eric Mourniac","twitter_card":"summary_large_image","twitter_misc":{"\u00c9crit par":"Eric Mourniac","Dur\u00e9e de lecture estim\u00e9e":"1 minute"},"schema":{"@context":"https:\/\/schema.org","@graph":[{"@type":"Article","@id":"https:\/\/art-et-culture-du-monde.fr\/blog\/divers\/fiche-de-lecture-le-dernier-ermite\/#article","isPartOf":{"@id":"https:\/\/art-et-culture-du-monde.fr\/blog\/divers\/fiche-de-lecture-le-dernier-ermite\/"},"author":{"name":"Eric Mourniac","@id":"https:\/\/art-et-culture-du-monde.fr\/blog\/#\/schema\/person\/740c493c6869241b754b57c6b1824b6a"},"headline":"Fiche de lecture &#8211; Le dernier ermite","datePublished":"2019-04-23T09:01:35+00:00","mainEntityOfPage":{"@id":"https:\/\/art-et-culture-du-monde.fr\/blog\/divers\/fiche-de-lecture-le-dernier-ermite\/"},"wordCount":229,"image":{"@id":"https:\/\/art-et-culture-du-monde.fr\/blog\/divers\/fiche-de-lecture-le-dernier-ermite\/#primaryimage"},"thumbnailUrl":"https:\/\/art-et-culture-du-monde.fr\/blog\/wp-content\/uploads\/2019\/04\/20190419_191426-red.jpg","articleSection":["Bibliographie","Divers","Surprenant"],"inLanguage":"fr-FR"},{"@type":"WebPage","@id":"https:\/\/art-et-culture-du-monde.fr\/blog\/divers\/fiche-de-lecture-le-dernier-ermite\/","url":"https:\/\/art-et-culture-du-monde.fr\/blog\/divers\/fiche-de-lecture-le-dernier-ermite\/","name":"Fiche de lecture - Le dernier ermite - La Nature d&#039;Eric","isPartOf":{"@id":"https:\/\/art-et-culture-du-monde.fr\/blog\/#website"},"primaryImageOfPage":{"@id":"https:\/\/art-et-culture-du-monde.fr\/blog\/divers\/fiche-de-lecture-le-dernier-ermite\/#primaryimage"},"image":{"@id":"https:\/\/art-et-culture-du-monde.fr\/blog\/divers\/fiche-de-lecture-le-dernier-ermite\/#primaryimage"},"thumbnailUrl":"https:\/\/art-et-culture-du-monde.fr\/blog\/wp-content\/uploads\/2019\/04\/20190419_191426-red.jpg","datePublished":"2019-04-23T09:01:35+00:00","author":{"@id":"https:\/\/art-et-culture-du-monde.fr\/blog\/#\/schema\/person\/740c493c6869241b754b57c6b1824b6a"},"breadcrumb":{"@id":"https:\/\/art-et-culture-du-monde.fr\/blog\/divers\/fiche-de-lecture-le-dernier-ermite\/#breadcrumb"},"inLanguage":"fr-FR","potentialAction":[{"@type":"ReadAction","target":["https:\/\/art-et-culture-du-monde.fr\/blog\/divers\/fiche-de-lecture-le-dernier-ermite\/"]}]},{"@type":"ImageObject","inLanguage":"fr-FR","@id":"https:\/\/art-et-culture-du-monde.fr\/blog\/divers\/fiche-de-lecture-le-dernier-ermite\/#primaryimage","url":"https:\/\/art-et-culture-du-monde.fr\/blog\/wp-content\/uploads\/2019\/04\/20190419_191426-red.jpg","contentUrl":"https:\/\/art-et-culture-du-monde.fr\/blog\/wp-content\/uploads\/2019\/04\/20190419_191426-red.jpg","width":520,"height":800},{"@type":"BreadcrumbList","@id":"https:\/\/art-et-culture-du-monde.fr\/blog\/divers\/fiche-de-lecture-le-dernier-ermite\/#breadcrumb","itemListElement":[{"@type":"ListItem","position":1,"name":"Accueil","item":"https:\/\/art-et-culture-du-monde.fr\/blog\/"},{"@type":"ListItem","position":2,"name":"Fiche de lecture &#8211; Le dernier ermite"}]},{"@type":"WebSite","@id":"https:\/\/art-et-culture-du-monde.fr\/blog\/#website","url":"https:\/\/art-et-culture-du-monde.fr\/blog\/","name":"La Nature d&#039;Eric","description":"D\u00e9couvrir - Partager - Pr\u00e9server","potentialAction":[{"@type":"SearchAction","target":{"@type":"EntryPoint","urlTemplate":"https:\/\/art-et-culture-du-monde.fr\/blog\/?s={search_term_string}"},"query-input":{"@type":"PropertyValueSpecification","valueRequired":true,"valueName":"search_term_string"}}],"inLanguage":"fr-FR"},{"@type":"Person","@id":"https:\/\/art-et-culture-du-monde.fr\/blog\/#\/schema\/person\/740c493c6869241b754b57c6b1824b6a","name":"Eric Mourniac","image":{"@type":"ImageObject","inLanguage":"fr-FR","@id":"https:\/\/secure.gravatar.com\/avatar\/2b18d0363e04108d41c7817be3834a4f5de791e83e3fb049640ed951ffa5ed0a?s=96&d=mm&r=g","url":"https:\/\/secure.gravatar.com\/avatar\/2b18d0363e04108d41c7817be3834a4f5de791e83e3fb049640ed951ffa5ed0a?s=96&d=mm&r=g","contentUrl":"https:\/\/secure.gravatar.com\/avatar\/2b18d0363e04108d41c7817be3834a4f5de791e83e3fb049640ed951ffa5ed0a?s=96&d=mm&r=g","caption":"Eric Mourniac"},"url":"https:\/\/art-et-culture-du-monde.fr\/blog\/author\/e-mourniac\/"}]}},"jetpack_publicize_connections":[],"jetpack_featured_media_url":"https:\/\/art-et-culture-du-monde.fr\/blog\/wp-content\/uploads\/2019\/04\/20190419_191426-red.jpg","jetpack-related-posts":[],"jetpack_sharing_enabled":true,"_links":{"self":[{"href":"https:\/\/art-et-culture-du-monde.fr\/blog\/wp-json\/wp\/v2\/posts\/2791","targetHints":{"allow":["GET"]}}],"collection":[{"href":"https:\/\/art-et-culture-du-monde.fr\/blog\/wp-json\/wp\/v2\/posts"}],"about":[{"href":"https:\/\/art-et-culture-du-monde.fr\/blog\/wp-json\/wp\/v2\/types\/post"}],"author":[{"embeddable":true,"href":"https:\/\/art-et-culture-du-monde.fr\/blog\/wp-json\/wp\/v2\/users\/2"}],"replies":[{"embeddable":true,"href":"https:\/\/art-et-culture-du-monde.fr\/blog\/wp-json\/wp\/v2\/comments?post=2791"}],"version-history":[{"count":3,"href":"https:\/\/art-et-culture-du-monde.fr\/blog\/wp-json\/wp\/v2\/posts\/2791\/revisions"}],"predecessor-version":[{"id":2795,"href":"https:\/\/art-et-culture-du-monde.fr\/blog\/wp-json\/wp\/v2\/posts\/2791\/revisions\/2795"}],"wp:featuredmedia":[{"embeddable":true,"href":"https:\/\/art-et-culture-du-monde.fr\/blog\/wp-json\/wp\/v2\/media\/2792"}],"wp:attachment":[{"href":"https:\/\/art-et-culture-du-monde.fr\/blog\/wp-json\/wp\/v2\/media?parent=2791"}],"wp:term":[{"taxonomy":"category","embeddable":true,"href":"https:\/\/art-et-culture-du-monde.fr\/blog\/wp-json\/wp\/v2\/categories?post=2791"},{"taxonomy":"post_tag","embeddable":true,"href":"https:\/\/art-et-culture-du-monde.fr\/blog\/wp-json\/wp\/v2\/tags?post=2791"}],"curies":[{"name":"wp","href":"https:\/\/api.w.org\/{rel}","templated":true}]}}