{"id":1980,"date":"2018-06-24T22:41:48","date_gmt":"2018-06-24T20:41:48","guid":{"rendered":"http:\/\/art-et-culture-du-monde.fr\/blog\/?p=1980"},"modified":"2018-06-24T22:41:48","modified_gmt":"2018-06-24T20:41:48","slug":"les-mal-aimes-de-la-nature","status":"publish","type":"post","link":"https:\/\/art-et-culture-du-monde.fr\/blog\/uncategorized\/les-mal-aimes-de-la-nature\/","title":{"rendered":"Les mal aim\u00e9s de la Nature &#8230;"},"content":{"rendered":"<p>Nous \u00e9tablissons, consciemment ou non, une liste de pr\u00e9f\u00e9rence pour certains animaux. A l&rsquo;inverse, certains font partie du palmar\u00e8s des mal aim\u00e9s et font l&rsquo;objet de pers\u00e9cutions:<\/p>\n<ul>\n<li>Moustiques<\/li>\n<li>Renards<\/li>\n<li>Gu\u00eapes \/ Frelons<\/li>\n<li>Corbeaux \/ Pies<\/li>\n<li>Tiques\u00a0\u00a0\u00a0\u00a0\u00a0\u00a0 http:\/\/www.guichetdusavoir.org\/viewtopic.php?f=2&amp;t=52430<\/li>\n<\/ul>\n<p>Les tiques peuvent transmettre la maladie de Lyme, mais aussi la m\u00e9ningite \u00e0 tiques. Pour cette derni\u00e8re un vaccin existe d&rsquo;ailleurs.<\/p>\n<p>&nbsp;<\/p>\n<p>&nbsp;<\/p>\n<p>&nbsp;<\/p>\n","protected":false},"excerpt":{"rendered":"<p>Nous \u00e9tablissons, consciemment ou non, une liste de pr\u00e9f\u00e9rence pour certains animaux. A l&rsquo;inverse, certains font partie du palmar\u00e8s des mal aim\u00e9s et font l&rsquo;objet de pers\u00e9cutions: Moustiques Renards Gu\u00eapes \/ Frelons Corbeaux \/ Pies Tiques\u00a0\u00a0\u00a0\u00a0\u00a0\u00a0 http:\/\/www.guichetdusavoir.org\/viewtopic.php?f=2&amp;t=52430 Les tiques peuvent transmettre la maladie de Lyme, mais aussi la m\u00e9ningite \u00e0 tiques. Pour cette derni\u00e8re un [&hellip;]<\/p>\n","protected":false},"author":1,"featured_media":0,"comment_status":"closed","ping_status":"open","sticky":false,"template":"","format":"standard","meta":{"_et_pb_use_builder":"","_et_pb_old_content":"","_et_gb_content_width":"","_jetpack_memberships_contains_paid_content":false,"footnotes":"","jetpack_publicize_message":"","jetpack_publicize_feature_enabled":true,"jetpack_social_post_already_shared":false,"jetpack_social_options":{"image_generator_settings":{"template":"highway","default_image_id":0,"font":"","enabled":false},"version":2}},"categories":[1],"tags":[],"class_list":["post-1980","post","type-post","status-publish","format-standard","hentry","category-uncategorized"],"yoast_head":"<!-- This site is optimized with the Yoast SEO plugin v27.2 - https:\/\/yoast.com\/product\/yoast-seo-wordpress\/ -->\n<title>Les mal aim\u00e9s de la Nature ... - La Nature d&#039;Eric<\/title>\n<meta name=\"robots\" content=\"index, follow, max-snippet:-1, max-image-preview:large, max-video-preview:-1\" \/>\n<link rel=\"canonical\" href=\"https:\/\/art-et-culture-du-monde.fr\/blog\/uncategorized\/les-mal-aimes-de-la-nature\/\" \/>\n<meta property=\"og:locale\" content=\"fr_FR\" \/>\n<meta property=\"og:type\" content=\"article\" \/>\n<meta property=\"og:title\" content=\"Les mal aim\u00e9s de la Nature ... - La Nature d&#039;Eric\" \/>\n<meta property=\"og:description\" content=\"Nous \u00e9tablissons, consciemment ou non, une liste de pr\u00e9f\u00e9rence pour certains animaux. A l&rsquo;inverse, certains font partie du palmar\u00e8s des mal aim\u00e9s et font l&rsquo;objet de pers\u00e9cutions: Moustiques Renards Gu\u00eapes \/ Frelons Corbeaux \/ Pies Tiques\u00a0\u00a0\u00a0\u00a0\u00a0\u00a0 http:\/\/www.guichetdusavoir.org\/viewtopic.php?f=2&amp;t=52430 Les tiques peuvent transmettre la maladie de Lyme, mais aussi la m\u00e9ningite \u00e0 tiques. Pour cette derni\u00e8re un [&hellip;]\" \/>\n<meta property=\"og:url\" content=\"https:\/\/art-et-culture-du-monde.fr\/blog\/uncategorized\/les-mal-aimes-de-la-nature\/\" \/>\n<meta property=\"og:site_name\" content=\"La Nature d&#039;Eric\" \/>\n<meta property=\"article:publisher\" content=\"https:\/\/www.facebook.com\/Art-et-Culture-du-Monde-ACM-175103796680\/\" \/>\n<meta property=\"article:published_time\" content=\"2018-06-24T20:41:48+00:00\" \/>\n<meta name=\"author\" content=\"admin\" \/>\n<meta name=\"twitter:card\" content=\"summary_large_image\" \/>\n<meta name=\"twitter:label1\" content=\"\u00c9crit par\" \/>\n\t<meta name=\"twitter:data1\" content=\"admin\" \/>\n<script type=\"application\/ld+json\" class=\"yoast-schema-graph\">{\"@context\":\"https:\/\/schema.org\",\"@graph\":[{\"@type\":\"Article\",\"@id\":\"https:\/\/art-et-culture-du-monde.fr\/blog\/uncategorized\/les-mal-aimes-de-la-nature\/#article\",\"isPartOf\":{\"@id\":\"https:\/\/art-et-culture-du-monde.fr\/blog\/uncategorized\/les-mal-aimes-de-la-nature\/\"},\"author\":{\"name\":\"admin\",\"@id\":\"https:\/\/art-et-culture-du-monde.fr\/blog\/#\/schema\/person\/51a1ee732598167b4faba4452b9b40f4\"},\"headline\":\"Les mal aim\u00e9s de la Nature &#8230;\",\"datePublished\":\"2018-06-24T20:41:48+00:00\",\"mainEntityOfPage\":{\"@id\":\"https:\/\/art-et-culture-du-monde.fr\/blog\/uncategorized\/les-mal-aimes-de-la-nature\/\"},\"wordCount\":81,\"articleSection\":[\"Uncategorized\"],\"inLanguage\":\"fr-FR\"},{\"@type\":\"WebPage\",\"@id\":\"https:\/\/art-et-culture-du-monde.fr\/blog\/uncategorized\/les-mal-aimes-de-la-nature\/\",\"url\":\"https:\/\/art-et-culture-du-monde.fr\/blog\/uncategorized\/les-mal-aimes-de-la-nature\/\",\"name\":\"Les mal aim\u00e9s de la Nature ... - La Nature d&#039;Eric\",\"isPartOf\":{\"@id\":\"https:\/\/art-et-culture-du-monde.fr\/blog\/#website\"},\"datePublished\":\"2018-06-24T20:41:48+00:00\",\"author\":{\"@id\":\"https:\/\/art-et-culture-du-monde.fr\/blog\/#\/schema\/person\/51a1ee732598167b4faba4452b9b40f4\"},\"breadcrumb\":{\"@id\":\"https:\/\/art-et-culture-du-monde.fr\/blog\/uncategorized\/les-mal-aimes-de-la-nature\/#breadcrumb\"},\"inLanguage\":\"fr-FR\",\"potentialAction\":[{\"@type\":\"ReadAction\",\"target\":[\"https:\/\/art-et-culture-du-monde.fr\/blog\/uncategorized\/les-mal-aimes-de-la-nature\/\"]}]},{\"@type\":\"BreadcrumbList\",\"@id\":\"https:\/\/art-et-culture-du-monde.fr\/blog\/uncategorized\/les-mal-aimes-de-la-nature\/#breadcrumb\",\"itemListElement\":[{\"@type\":\"ListItem\",\"position\":1,\"name\":\"Accueil\",\"item\":\"https:\/\/art-et-culture-du-monde.fr\/blog\/\"},{\"@type\":\"ListItem\",\"position\":2,\"name\":\"Les mal aim\u00e9s de la Nature &#8230;\"}]},{\"@type\":\"WebSite\",\"@id\":\"https:\/\/art-et-culture-du-monde.fr\/blog\/#website\",\"url\":\"https:\/\/art-et-culture-du-monde.fr\/blog\/\",\"name\":\"La Nature d&#039;Eric\",\"description\":\"D\u00e9couvrir - Partager - Pr\u00e9server\",\"potentialAction\":[{\"@type\":\"SearchAction\",\"target\":{\"@type\":\"EntryPoint\",\"urlTemplate\":\"https:\/\/art-et-culture-du-monde.fr\/blog\/?s={search_term_string}\"},\"query-input\":{\"@type\":\"PropertyValueSpecification\",\"valueRequired\":true,\"valueName\":\"search_term_string\"}}],\"inLanguage\":\"fr-FR\"},{\"@type\":\"Person\",\"@id\":\"https:\/\/art-et-culture-du-monde.fr\/blog\/#\/schema\/person\/51a1ee732598167b4faba4452b9b40f4\",\"name\":\"admin\",\"image\":{\"@type\":\"ImageObject\",\"inLanguage\":\"fr-FR\",\"@id\":\"https:\/\/secure.gravatar.com\/avatar\/92f332a8231e23f37746496fb64e53c5ba5234b0ab3bbb50d312ff6f299e04ea?s=96&d=mm&r=g\",\"url\":\"https:\/\/secure.gravatar.com\/avatar\/92f332a8231e23f37746496fb64e53c5ba5234b0ab3bbb50d312ff6f299e04ea?s=96&d=mm&r=g\",\"contentUrl\":\"https:\/\/secure.gravatar.com\/avatar\/92f332a8231e23f37746496fb64e53c5ba5234b0ab3bbb50d312ff6f299e04ea?s=96&d=mm&r=g\",\"caption\":\"admin\"},\"url\":\"https:\/\/art-et-culture-du-monde.fr\/blog\/author\/admin\/\"}]}<\/script>\n<!-- \/ Yoast SEO plugin. -->","yoast_head_json":{"title":"Les mal aim\u00e9s de la Nature ... - La Nature d&#039;Eric","robots":{"index":"index","follow":"follow","max-snippet":"max-snippet:-1","max-image-preview":"max-image-preview:large","max-video-preview":"max-video-preview:-1"},"canonical":"https:\/\/art-et-culture-du-monde.fr\/blog\/uncategorized\/les-mal-aimes-de-la-nature\/","og_locale":"fr_FR","og_type":"article","og_title":"Les mal aim\u00e9s de la Nature ... - La Nature d&#039;Eric","og_description":"Nous \u00e9tablissons, consciemment ou non, une liste de pr\u00e9f\u00e9rence pour certains animaux. A l&rsquo;inverse, certains font partie du palmar\u00e8s des mal aim\u00e9s et font l&rsquo;objet de pers\u00e9cutions: Moustiques Renards Gu\u00eapes \/ Frelons Corbeaux \/ Pies Tiques\u00a0\u00a0\u00a0\u00a0\u00a0\u00a0 http:\/\/www.guichetdusavoir.org\/viewtopic.php?f=2&amp;t=52430 Les tiques peuvent transmettre la maladie de Lyme, mais aussi la m\u00e9ningite \u00e0 tiques. Pour cette derni\u00e8re un [&hellip;]","og_url":"https:\/\/art-et-culture-du-monde.fr\/blog\/uncategorized\/les-mal-aimes-de-la-nature\/","og_site_name":"La Nature d&#039;Eric","article_publisher":"https:\/\/www.facebook.com\/Art-et-Culture-du-Monde-ACM-175103796680\/","article_published_time":"2018-06-24T20:41:48+00:00","author":"admin","twitter_card":"summary_large_image","twitter_misc":{"\u00c9crit par":"admin"},"schema":{"@context":"https:\/\/schema.org","@graph":[{"@type":"Article","@id":"https:\/\/art-et-culture-du-monde.fr\/blog\/uncategorized\/les-mal-aimes-de-la-nature\/#article","isPartOf":{"@id":"https:\/\/art-et-culture-du-monde.fr\/blog\/uncategorized\/les-mal-aimes-de-la-nature\/"},"author":{"name":"admin","@id":"https:\/\/art-et-culture-du-monde.fr\/blog\/#\/schema\/person\/51a1ee732598167b4faba4452b9b40f4"},"headline":"Les mal aim\u00e9s de la Nature &#8230;","datePublished":"2018-06-24T20:41:48+00:00","mainEntityOfPage":{"@id":"https:\/\/art-et-culture-du-monde.fr\/blog\/uncategorized\/les-mal-aimes-de-la-nature\/"},"wordCount":81,"articleSection":["Uncategorized"],"inLanguage":"fr-FR"},{"@type":"WebPage","@id":"https:\/\/art-et-culture-du-monde.fr\/blog\/uncategorized\/les-mal-aimes-de-la-nature\/","url":"https:\/\/art-et-culture-du-monde.fr\/blog\/uncategorized\/les-mal-aimes-de-la-nature\/","name":"Les mal aim\u00e9s de la Nature ... - La Nature d&#039;Eric","isPartOf":{"@id":"https:\/\/art-et-culture-du-monde.fr\/blog\/#website"},"datePublished":"2018-06-24T20:41:48+00:00","author":{"@id":"https:\/\/art-et-culture-du-monde.fr\/blog\/#\/schema\/person\/51a1ee732598167b4faba4452b9b40f4"},"breadcrumb":{"@id":"https:\/\/art-et-culture-du-monde.fr\/blog\/uncategorized\/les-mal-aimes-de-la-nature\/#breadcrumb"},"inLanguage":"fr-FR","potentialAction":[{"@type":"ReadAction","target":["https:\/\/art-et-culture-du-monde.fr\/blog\/uncategorized\/les-mal-aimes-de-la-nature\/"]}]},{"@type":"BreadcrumbList","@id":"https:\/\/art-et-culture-du-monde.fr\/blog\/uncategorized\/les-mal-aimes-de-la-nature\/#breadcrumb","itemListElement":[{"@type":"ListItem","position":1,"name":"Accueil","item":"https:\/\/art-et-culture-du-monde.fr\/blog\/"},{"@type":"ListItem","position":2,"name":"Les mal aim\u00e9s de la Nature &#8230;"}]},{"@type":"WebSite","@id":"https:\/\/art-et-culture-du-monde.fr\/blog\/#website","url":"https:\/\/art-et-culture-du-monde.fr\/blog\/","name":"La Nature d&#039;Eric","description":"D\u00e9couvrir - Partager - Pr\u00e9server","potentialAction":[{"@type":"SearchAction","target":{"@type":"EntryPoint","urlTemplate":"https:\/\/art-et-culture-du-monde.fr\/blog\/?s={search_term_string}"},"query-input":{"@type":"PropertyValueSpecification","valueRequired":true,"valueName":"search_term_string"}}],"inLanguage":"fr-FR"},{"@type":"Person","@id":"https:\/\/art-et-culture-du-monde.fr\/blog\/#\/schema\/person\/51a1ee732598167b4faba4452b9b40f4","name":"admin","image":{"@type":"ImageObject","inLanguage":"fr-FR","@id":"https:\/\/secure.gravatar.com\/avatar\/92f332a8231e23f37746496fb64e53c5ba5234b0ab3bbb50d312ff6f299e04ea?s=96&d=mm&r=g","url":"https:\/\/secure.gravatar.com\/avatar\/92f332a8231e23f37746496fb64e53c5ba5234b0ab3bbb50d312ff6f299e04ea?s=96&d=mm&r=g","contentUrl":"https:\/\/secure.gravatar.com\/avatar\/92f332a8231e23f37746496fb64e53c5ba5234b0ab3bbb50d312ff6f299e04ea?s=96&d=mm&r=g","caption":"admin"},"url":"https:\/\/art-et-culture-du-monde.fr\/blog\/author\/admin\/"}]}},"jetpack_publicize_connections":[],"jetpack_featured_media_url":"","jetpack-related-posts":[],"jetpack_sharing_enabled":true,"_links":{"self":[{"href":"https:\/\/art-et-culture-du-monde.fr\/blog\/wp-json\/wp\/v2\/posts\/1980","targetHints":{"allow":["GET"]}}],"collection":[{"href":"https:\/\/art-et-culture-du-monde.fr\/blog\/wp-json\/wp\/v2\/posts"}],"about":[{"href":"https:\/\/art-et-culture-du-monde.fr\/blog\/wp-json\/wp\/v2\/types\/post"}],"author":[{"embeddable":true,"href":"https:\/\/art-et-culture-du-monde.fr\/blog\/wp-json\/wp\/v2\/users\/1"}],"replies":[{"embeddable":true,"href":"https:\/\/art-et-culture-du-monde.fr\/blog\/wp-json\/wp\/v2\/comments?post=1980"}],"version-history":[{"count":5,"href":"https:\/\/art-et-culture-du-monde.fr\/blog\/wp-json\/wp\/v2\/posts\/1980\/revisions"}],"predecessor-version":[{"id":1986,"href":"https:\/\/art-et-culture-du-monde.fr\/blog\/wp-json\/wp\/v2\/posts\/1980\/revisions\/1986"}],"wp:attachment":[{"href":"https:\/\/art-et-culture-du-monde.fr\/blog\/wp-json\/wp\/v2\/media?parent=1980"}],"wp:term":[{"taxonomy":"category","embeddable":true,"href":"https:\/\/art-et-culture-du-monde.fr\/blog\/wp-json\/wp\/v2\/categories?post=1980"},{"taxonomy":"post_tag","embeddable":true,"href":"https:\/\/art-et-culture-du-monde.fr\/blog\/wp-json\/wp\/v2\/tags?post=1980"}],"curies":[{"name":"wp","href":"https:\/\/api.w.org\/{rel}","templated":true}]}}