{"id":1892,"date":"2018-04-19T16:18:45","date_gmt":"2018-04-19T14:18:45","guid":{"rendered":"http:\/\/art-et-culture-du-monde.fr\/blog\/?p=1892"},"modified":"2018-04-22T22:21:33","modified_gmt":"2018-04-22T20:21:33","slug":"especes-locales-especes-nouvelles-question-de-calendrier","status":"publish","type":"post","link":"https:\/\/art-et-culture-du-monde.fr\/blog\/animations\/especes-locales-especes-nouvelles-question-de-calendrier\/","title":{"rendered":"Esp\u00e8ces locales, esp\u00e8ces nouvelles \u2026 Question de calendrier \u2026"},"content":{"rendered":"<h2>Un peu de cuisine locale et traditionnelle<\/h2>\n<p>Quand il s&rsquo;agit de prot\u00e9ger l&rsquo;environnement, il semble assez logique de se tourner vers une alimentation locale, c&rsquo;est \u00e0 dire PRODUITE localement. Mais, est-ce que nous consommons pour autant des esp\u00e8ces locales\u00a0?<\/p>\n<p style=\"text-align: center;\"><a href=\"http:\/\/art-et-culture-du-monde.fr\/blog\/wp-content\/uploads\/2018\/04\/paprika-3212148_1280.jpg\"><img loading=\"lazy\" decoding=\"async\" class=\"aligncenter wp-image-1897 size-medium\" src=\"http:\/\/art-et-culture-du-monde.fr\/blog\/wp-content\/uploads\/2018\/04\/paprika-3212148_1280-300x170.jpg\" alt=\"\" width=\"300\" height=\"170\" srcset=\"https:\/\/art-et-culture-du-monde.fr\/blog\/wp-content\/uploads\/2018\/04\/paprika-3212148_1280-300x170.jpg 300w, https:\/\/art-et-culture-du-monde.fr\/blog\/wp-content\/uploads\/2018\/04\/paprika-3212148_1280-600x341.jpg 600w, https:\/\/art-et-culture-du-monde.fr\/blog\/wp-content\/uploads\/2018\/04\/paprika-3212148_1280-768x436.jpg 768w, https:\/\/art-et-culture-du-monde.fr\/blog\/wp-content\/uploads\/2018\/04\/paprika-3212148_1280-1024x582.jpg 1024w, https:\/\/art-et-culture-du-monde.fr\/blog\/wp-content\/uploads\/2018\/04\/paprika-3212148_1280-1080x613.jpg 1080w, https:\/\/art-et-culture-du-monde.fr\/blog\/wp-content\/uploads\/2018\/04\/paprika-3212148_1280.jpg 1280w\" sizes=\"(max-width: 300px) 100vw, 300px\" \/><\/a><\/p>\n<p>Prenons un plat traditionnel\u00a0: Le saut\u00e9 de dinde \u00e0 la proven\u00e7ale<\/p>\n<p>Ce plat bien sympathique a pour ingr\u00e9dients (animal ou v\u00e9g\u00e9tal):<\/p>\n<ul>\n<li>dinde<\/li>\n<li>oignon<\/li>\n<li>olive<\/li>\n<li>carotte<\/li>\n<li>poivron<\/li>\n<li>tomate<\/li>\n<li>ail<\/li>\n<li>herbes de Provence<\/li>\n<li>poivre<\/li>\n<\/ul>\n<p>Des ingr\u00e9dients tout ce qui a de plus simple n&rsquo;est-ce pas\u00a0?<\/p>\n<p>Entrons maintenant dans les d\u00e9tails\u00a0:<\/p>\n<ul>\n<li>La dinde<\/li>\n<\/ul>\n<p>Ce volatile, originaire du continent am\u00e9ricain, est ramen\u00e9 en Europe par les conquistadores au 16i\u00e8me si\u00e8cle. Au d\u00e9part baptis\u00e9e poule d&rsquo;Inde, puisqu&rsquo;ils croyaient avoir accost\u00e9 en Inde, le nom deviendra ensuite dinde en un seul mot.<\/p>\n<ul>\n<li>L&rsquo;oignon<\/li>\n<\/ul>\n<p>Les premi\u00e8res traces de cultures apparaissent en Asie il y a plus de 5000 ans et il se r\u00e9pandra en Europe via les \u00c9gyptiens et les romains. Il est donc install\u00e9 depuis fort longtemps. A l&rsquo;inverse de la dinde, il sera une des premi\u00e8res esp\u00e8ces agricoles \u00e0 passer en Am\u00e9rique.<\/p>\n<ul>\n<li>L&rsquo;olivier<\/li>\n<\/ul>\n<p>Les premi\u00e8res traces de culture en France datent d&rsquo;il y a 5000 ans m\u00eame si la forme sauvage de l&rsquo;olivier est connue depuis bien plus longtemps.<\/p>\n<ul>\n<li>La carotte<\/li>\n<\/ul>\n<p>Elle serait arriv\u00e9e en France au 14i\u00e8me si\u00e8cle apr\u00e8s un long p\u00e9riple depuis l&rsquo;Afghanistan, en passant par l&rsquo;Espagne et l&rsquo;Italie.<\/p>\n<ul>\n<li>Le poivron<\/li>\n<\/ul>\n<p>Originaire d&rsquo;Am\u00e9rique centrale, le poivron est domestiqu\u00e9 depuis au moins 7000 ans mais n&rsquo;arrive en Europe qu&rsquo;au 16i\u00e8me si\u00e8cle.<\/p>\n<ul>\n<li>La tomate<\/li>\n<\/ul>\n<p>Originaire du P\u00e9rou, comme la pomme de terre, elle arrive en Europe au 16i\u00e8me si\u00e8cle. Elle passera de l&rsquo;Italie \u00e0 la Provence.<\/p>\n<ul>\n<li>L&rsquo;ail<\/li>\n<\/ul>\n<p>Originaire d&rsquo;Asie centrale, il \u00e9tait connu des romains et des gaulois. Son arriv\u00e9e en France remonte donc \u00e0 plusieurs mill\u00e9naires.<\/p>\n<ul>\n<li>Herbes de Provence<\/li>\n<\/ul>\n<p>Bien que \u00ab\u00a0locales\u00a0\u00bb dans le bassin m\u00e9diterran\u00e9en, il faut noter que beaucoup d&rsquo;herbes de \u00ab\u00a0Provence\u00a0\u00bb n&rsquo;en proviennent pas.<\/p>\n<ul>\n<li>Le poivrier<\/li>\n<\/ul>\n<p>Il est originaire d&rsquo;Inde. Il aurait \u00e9t\u00e9 ramen\u00e9 en Gr\u00e8ce au 4i\u00e8me si\u00e8cle avant JC. Tr\u00e8s pris\u00e9, le poivre sera d&rsquo;abord consid\u00e9r\u00e9 comme d&rsquo;une tr\u00e8s grande valeur et donc seulement disponible pour les personnes riches.<\/p>\n<p>On voit donc que suivant le moment dans le temps o\u00f9 on place le curseur, il n&rsquo;est pas toujours ais\u00e9 de parler d&rsquo;esp\u00e8ces \u00ab\u00a0locales\u00a0\u00bb.<\/p>\n<p>Autre exemple plus r\u00e9cent, la chouette Chev\u00eache a \u00e9t\u00e9 introduire en Angleterre au 19i\u00e8me si\u00e8cle. Elle est a pr\u00e9sent menac\u00e9e dans ce pays. Mais, est-elle \u00e0 consid\u00e9rer comme une esp\u00e8ce locale\u00a0?<\/p>\n<p>A noter aussi que cette petite chouette a pu se r\u00e9pandre en France gr\u00e2ce \u00e0 l&rsquo;agriculture, car, la for\u00eat, milieu naturel dominant en France, ne lui convient pas.<\/p>\n<p>Comme souvent en \u00e9cologie, il faut avancer prudemment et bien regarder tous les aspects du probl\u00e8me. Bien s\u00fbr, la notion d&rsquo;esp\u00e8ce locale est \u00e0 consid\u00e9rer mais pas que.<\/p>\n<p>Cet article m&rsquo;a \u00e9t\u00e9 inspir\u00e9 par un botaniste amateur rencontr\u00e9 il y a quelques ann\u00e9es lors d&rsquo;un \u00e9v\u00e9nement \u00e0 Muret. Cher ami, si la providence vous a pr\u00eat\u00e9 vie et que par le plus grand des hasard vous tombez sur cet article, n&rsquo;h\u00e9sitez pas \u00e0 me recontacter. Notre rencontre fut br\u00e8ve, mais vous avez eu un grand impact sur ma fa\u00e7on de regarder la Nature.<\/p>\n<p>Des questions, des remarques, envie d&rsquo;une intervention, d&rsquo;un atelier ? <a href=\"http:\/\/art-et-culture-du-monde.fr\/blog\/contact\/\" target=\"_blank\" rel=\"noopener\">Contactez-nous !<\/a><\/p>\n<p>Voici pour ceux qui veulent en savoir plus, quelques sources possibles\u00a0:<\/p>\n<ul>\n<li><a href=\"https:\/\/www.lanutrition.fr\/bien-dans-son-assiette\/aliments\/legumes\/oignon-et-echalote\/petite-histoire-de-loignon\">https:\/\/www.lanutrition.fr\/bien-dans-son-assiette\/aliments\/legumes\/oignon-et-echalote\/petite-histoire-de-loignon<\/a><\/li>\n<li><a href=\"https:\/\/www.dinde.fr\/origine-et-especes\">https:\/\/www.dinde.fr\/origine-et-especes<\/a><\/li>\n<li><a href=\"http:\/\/huiles-et-olives.fr\/wp-content\/uploads\/depliants\/Histoire.pdf\">http:\/\/huiles-et-olives.fr\/wp-content\/uploads\/depliants\/Histoire.pdf<\/a><\/li>\n<li><a href=\"https:\/\/www.fermedesaintemarthe.com\/A-13281-de-l-histoire-de-la-carotte.aspx\">https:\/\/www.fermedesaintemarthe.com\/A-13281-de-l-histoire-de-la-carotte.aspx<\/a><\/li>\n<li><a href=\"https:\/\/www.lanutrition.fr\/bien-dans-son-assiette\/aliments\/legumes\/poivron\/petite-histoire-du-poivron\">https:\/\/www.lanutrition.fr\/bien-dans-son-assiette\/aliments\/legumes\/poivron\/petite-histoire-du-poivron<\/a><\/li>\n<li><a href=\"http:\/\/www.montlhery.com\/tomate2.htm\">http:\/\/www.montlhery.com\/tomate2.htm<\/a><\/li>\n<li><a href=\"http:\/\/plant-certifie-ail.org\/pages\/coin_du_consommateur.php\">http:\/\/plant-certifie-ail.org\/pages\/coin_du_consommateur.php<\/a><\/li>\n<li><a href=\"https:\/\/www.jardinsdefrance.org\/wp-content\/uploads\/jdf-medias\/images\/JdF630\/JdF630_1A.pdf\">https:\/\/www.jardinsdefrance.org\/wp-content\/uploads\/jdf-medias\/images\/JdF630\/JdF630_1A.pdf<\/a><\/li>\n<li><a href=\"https:\/\/www.lequotidien.com\/toit-et-moi\/le-poivre-a-travers-lhistoire-6148d31c717be54f6984f62eebc6d027\">https:\/\/www.lequotidien.com\/toit-et-moi\/le-poivre-a-travers-lhistoire-6148d31c717be54f6984f62eebc6d027<\/a><\/li>\n<\/ul>\n<p>Eric<\/p>\n","protected":false},"excerpt":{"rendered":"<p>Un peu de cuisine locale et traditionnelle Quand il s&rsquo;agit de prot\u00e9ger l&rsquo;environnement, il semble assez logique de se tourner vers une alimentation locale, c&rsquo;est \u00e0 dire PRODUITE localement. Mais, est-ce que nous consommons pour autant des esp\u00e8ces locales\u00a0? Prenons un plat traditionnel\u00a0: Le saut\u00e9 de dinde \u00e0 la proven\u00e7ale Ce plat bien sympathique a [&hellip;]<\/p>\n","protected":false},"author":2,"featured_media":0,"comment_status":"closed","ping_status":"open","sticky":false,"template":"","format":"standard","meta":{"_et_pb_use_builder":"","_et_pb_old_content":"","_et_gb_content_width":"","_jetpack_memberships_contains_paid_content":false,"footnotes":"","jetpack_publicize_message":"","jetpack_publicize_feature_enabled":true,"jetpack_social_post_already_shared":false,"jetpack_social_options":{"image_generator_settings":{"template":"highway","default_image_id":0,"font":"","enabled":false},"version":2}},"categories":[14,11,6],"tags":[],"class_list":["post-1892","post","type-post","status-publish","format-standard","hentry","category-animations","category-interventions","category-surprenant"],"yoast_head":"<!-- This site is optimized with the Yoast SEO plugin v27.2 - https:\/\/yoast.com\/product\/yoast-seo-wordpress\/ -->\n<title>Esp\u00e8ces locales, esp\u00e8ces nouvelles \u2026 Question de calendrier \u2026<\/title>\n<meta name=\"description\" content=\"A travers un plat traditionnel, constatons que la notion d&#039;esp\u00e8ce locale n&#039;est pas si simple \u00e0 d\u00e9finir. C&#039;est surtout une question de calendrier.\" \/>\n<meta name=\"robots\" content=\"index, follow, max-snippet:-1, max-image-preview:large, max-video-preview:-1\" \/>\n<link rel=\"canonical\" href=\"https:\/\/art-et-culture-du-monde.fr\/blog\/animations\/especes-locales-especes-nouvelles-question-de-calendrier\/\" \/>\n<meta property=\"og:locale\" content=\"fr_FR\" \/>\n<meta property=\"og:type\" content=\"article\" \/>\n<meta property=\"og:title\" content=\"Esp\u00e8ces locales, esp\u00e8ces nouvelles \u2026 Question de calendrier \u2026\" \/>\n<meta property=\"og:description\" content=\"A travers un plat traditionnel, constatons que la notion d&#039;esp\u00e8ce locale n&#039;est pas si simple \u00e0 d\u00e9finir. C&#039;est surtout une question de calendrier.\" \/>\n<meta property=\"og:url\" content=\"https:\/\/art-et-culture-du-monde.fr\/blog\/animations\/especes-locales-especes-nouvelles-question-de-calendrier\/\" \/>\n<meta property=\"og:site_name\" content=\"La Nature d&#039;Eric\" \/>\n<meta property=\"article:publisher\" content=\"https:\/\/www.facebook.com\/Art-et-Culture-du-Monde-ACM-175103796680\/\" \/>\n<meta property=\"article:published_time\" content=\"2018-04-19T14:18:45+00:00\" \/>\n<meta property=\"article:modified_time\" content=\"2018-04-22T20:21:33+00:00\" \/>\n<meta property=\"og:image\" content=\"http:\/\/art-et-culture-du-monde.fr\/blog\/wp-content\/uploads\/2018\/04\/paprika-3212148_1280-300x170.jpg\" \/>\n<meta name=\"author\" content=\"Eric Mourniac\" \/>\n<meta name=\"twitter:card\" content=\"summary_large_image\" \/>\n<meta name=\"twitter:label1\" content=\"\u00c9crit par\" \/>\n\t<meta name=\"twitter:data1\" content=\"Eric Mourniac\" \/>\n\t<meta name=\"twitter:label2\" content=\"Dur\u00e9e de lecture estim\u00e9e\" \/>\n\t<meta name=\"twitter:data2\" content=\"3 minutes\" \/>\n<script type=\"application\/ld+json\" class=\"yoast-schema-graph\">{\"@context\":\"https:\/\/schema.org\",\"@graph\":[{\"@type\":\"Article\",\"@id\":\"https:\/\/art-et-culture-du-monde.fr\/blog\/animations\/especes-locales-especes-nouvelles-question-de-calendrier\/#article\",\"isPartOf\":{\"@id\":\"https:\/\/art-et-culture-du-monde.fr\/blog\/animations\/especes-locales-especes-nouvelles-question-de-calendrier\/\"},\"author\":{\"name\":\"Eric Mourniac\",\"@id\":\"https:\/\/art-et-culture-du-monde.fr\/blog\/#\/schema\/person\/740c493c6869241b754b57c6b1824b6a\"},\"headline\":\"Esp\u00e8ces locales, esp\u00e8ces nouvelles \u2026 Question de calendrier \u2026\",\"datePublished\":\"2018-04-19T14:18:45+00:00\",\"dateModified\":\"2018-04-22T20:21:33+00:00\",\"mainEntityOfPage\":{\"@id\":\"https:\/\/art-et-culture-du-monde.fr\/blog\/animations\/especes-locales-especes-nouvelles-question-de-calendrier\/\"},\"wordCount\":683,\"image\":{\"@id\":\"https:\/\/art-et-culture-du-monde.fr\/blog\/animations\/especes-locales-especes-nouvelles-question-de-calendrier\/#primaryimage\"},\"thumbnailUrl\":\"http:\/\/art-et-culture-du-monde.fr\/blog\/wp-content\/uploads\/2018\/04\/paprika-3212148_1280-300x170.jpg\",\"articleSection\":[\"Animations\",\"Interventions\",\"Surprenant\"],\"inLanguage\":\"fr-FR\"},{\"@type\":\"WebPage\",\"@id\":\"https:\/\/art-et-culture-du-monde.fr\/blog\/animations\/especes-locales-especes-nouvelles-question-de-calendrier\/\",\"url\":\"https:\/\/art-et-culture-du-monde.fr\/blog\/animations\/especes-locales-especes-nouvelles-question-de-calendrier\/\",\"name\":\"Esp\u00e8ces locales, esp\u00e8ces nouvelles \u2026 Question de calendrier \u2026\",\"isPartOf\":{\"@id\":\"https:\/\/art-et-culture-du-monde.fr\/blog\/#website\"},\"primaryImageOfPage\":{\"@id\":\"https:\/\/art-et-culture-du-monde.fr\/blog\/animations\/especes-locales-especes-nouvelles-question-de-calendrier\/#primaryimage\"},\"image\":{\"@id\":\"https:\/\/art-et-culture-du-monde.fr\/blog\/animations\/especes-locales-especes-nouvelles-question-de-calendrier\/#primaryimage\"},\"thumbnailUrl\":\"http:\/\/art-et-culture-du-monde.fr\/blog\/wp-content\/uploads\/2018\/04\/paprika-3212148_1280-300x170.jpg\",\"datePublished\":\"2018-04-19T14:18:45+00:00\",\"dateModified\":\"2018-04-22T20:21:33+00:00\",\"author\":{\"@id\":\"https:\/\/art-et-culture-du-monde.fr\/blog\/#\/schema\/person\/740c493c6869241b754b57c6b1824b6a\"},\"description\":\"A travers un plat traditionnel, constatons que la notion d'esp\u00e8ce locale n'est pas si simple \u00e0 d\u00e9finir. C'est surtout une question de calendrier.\",\"breadcrumb\":{\"@id\":\"https:\/\/art-et-culture-du-monde.fr\/blog\/animations\/especes-locales-especes-nouvelles-question-de-calendrier\/#breadcrumb\"},\"inLanguage\":\"fr-FR\",\"potentialAction\":[{\"@type\":\"ReadAction\",\"target\":[\"https:\/\/art-et-culture-du-monde.fr\/blog\/animations\/especes-locales-especes-nouvelles-question-de-calendrier\/\"]}]},{\"@type\":\"ImageObject\",\"inLanguage\":\"fr-FR\",\"@id\":\"https:\/\/art-et-culture-du-monde.fr\/blog\/animations\/especes-locales-especes-nouvelles-question-de-calendrier\/#primaryimage\",\"url\":\"https:\/\/art-et-culture-du-monde.fr\/blog\/wp-content\/uploads\/2018\/04\/paprika-3212148_1280.jpg\",\"contentUrl\":\"https:\/\/art-et-culture-du-monde.fr\/blog\/wp-content\/uploads\/2018\/04\/paprika-3212148_1280.jpg\",\"width\":1280,\"height\":727},{\"@type\":\"BreadcrumbList\",\"@id\":\"https:\/\/art-et-culture-du-monde.fr\/blog\/animations\/especes-locales-especes-nouvelles-question-de-calendrier\/#breadcrumb\",\"itemListElement\":[{\"@type\":\"ListItem\",\"position\":1,\"name\":\"Accueil\",\"item\":\"https:\/\/art-et-culture-du-monde.fr\/blog\/\"},{\"@type\":\"ListItem\",\"position\":2,\"name\":\"Esp\u00e8ces locales, esp\u00e8ces nouvelles \u2026 Question de calendrier \u2026\"}]},{\"@type\":\"WebSite\",\"@id\":\"https:\/\/art-et-culture-du-monde.fr\/blog\/#website\",\"url\":\"https:\/\/art-et-culture-du-monde.fr\/blog\/\",\"name\":\"La Nature d&#039;Eric\",\"description\":\"D\u00e9couvrir - Partager - Pr\u00e9server\",\"potentialAction\":[{\"@type\":\"SearchAction\",\"target\":{\"@type\":\"EntryPoint\",\"urlTemplate\":\"https:\/\/art-et-culture-du-monde.fr\/blog\/?s={search_term_string}\"},\"query-input\":{\"@type\":\"PropertyValueSpecification\",\"valueRequired\":true,\"valueName\":\"search_term_string\"}}],\"inLanguage\":\"fr-FR\"},{\"@type\":\"Person\",\"@id\":\"https:\/\/art-et-culture-du-monde.fr\/blog\/#\/schema\/person\/740c493c6869241b754b57c6b1824b6a\",\"name\":\"Eric Mourniac\",\"image\":{\"@type\":\"ImageObject\",\"inLanguage\":\"fr-FR\",\"@id\":\"https:\/\/secure.gravatar.com\/avatar\/2b18d0363e04108d41c7817be3834a4f5de791e83e3fb049640ed951ffa5ed0a?s=96&d=mm&r=g\",\"url\":\"https:\/\/secure.gravatar.com\/avatar\/2b18d0363e04108d41c7817be3834a4f5de791e83e3fb049640ed951ffa5ed0a?s=96&d=mm&r=g\",\"contentUrl\":\"https:\/\/secure.gravatar.com\/avatar\/2b18d0363e04108d41c7817be3834a4f5de791e83e3fb049640ed951ffa5ed0a?s=96&d=mm&r=g\",\"caption\":\"Eric Mourniac\"},\"url\":\"https:\/\/art-et-culture-du-monde.fr\/blog\/author\/e-mourniac\/\"}]}<\/script>\n<!-- \/ Yoast SEO plugin. -->","yoast_head_json":{"title":"Esp\u00e8ces locales, esp\u00e8ces nouvelles \u2026 Question de calendrier \u2026","description":"A travers un plat traditionnel, constatons que la notion d'esp\u00e8ce locale n'est pas si simple \u00e0 d\u00e9finir. C'est surtout une question de calendrier.","robots":{"index":"index","follow":"follow","max-snippet":"max-snippet:-1","max-image-preview":"max-image-preview:large","max-video-preview":"max-video-preview:-1"},"canonical":"https:\/\/art-et-culture-du-monde.fr\/blog\/animations\/especes-locales-especes-nouvelles-question-de-calendrier\/","og_locale":"fr_FR","og_type":"article","og_title":"Esp\u00e8ces locales, esp\u00e8ces nouvelles \u2026 Question de calendrier \u2026","og_description":"A travers un plat traditionnel, constatons que la notion d'esp\u00e8ce locale n'est pas si simple \u00e0 d\u00e9finir. C'est surtout une question de calendrier.","og_url":"https:\/\/art-et-culture-du-monde.fr\/blog\/animations\/especes-locales-especes-nouvelles-question-de-calendrier\/","og_site_name":"La Nature d&#039;Eric","article_publisher":"https:\/\/www.facebook.com\/Art-et-Culture-du-Monde-ACM-175103796680\/","article_published_time":"2018-04-19T14:18:45+00:00","article_modified_time":"2018-04-22T20:21:33+00:00","og_image":[{"url":"http:\/\/art-et-culture-du-monde.fr\/blog\/wp-content\/uploads\/2018\/04\/paprika-3212148_1280-300x170.jpg","type":"","width":"","height":""}],"author":"Eric Mourniac","twitter_card":"summary_large_image","twitter_misc":{"\u00c9crit par":"Eric Mourniac","Dur\u00e9e de lecture estim\u00e9e":"3 minutes"},"schema":{"@context":"https:\/\/schema.org","@graph":[{"@type":"Article","@id":"https:\/\/art-et-culture-du-monde.fr\/blog\/animations\/especes-locales-especes-nouvelles-question-de-calendrier\/#article","isPartOf":{"@id":"https:\/\/art-et-culture-du-monde.fr\/blog\/animations\/especes-locales-especes-nouvelles-question-de-calendrier\/"},"author":{"name":"Eric Mourniac","@id":"https:\/\/art-et-culture-du-monde.fr\/blog\/#\/schema\/person\/740c493c6869241b754b57c6b1824b6a"},"headline":"Esp\u00e8ces locales, esp\u00e8ces nouvelles \u2026 Question de calendrier \u2026","datePublished":"2018-04-19T14:18:45+00:00","dateModified":"2018-04-22T20:21:33+00:00","mainEntityOfPage":{"@id":"https:\/\/art-et-culture-du-monde.fr\/blog\/animations\/especes-locales-especes-nouvelles-question-de-calendrier\/"},"wordCount":683,"image":{"@id":"https:\/\/art-et-culture-du-monde.fr\/blog\/animations\/especes-locales-especes-nouvelles-question-de-calendrier\/#primaryimage"},"thumbnailUrl":"http:\/\/art-et-culture-du-monde.fr\/blog\/wp-content\/uploads\/2018\/04\/paprika-3212148_1280-300x170.jpg","articleSection":["Animations","Interventions","Surprenant"],"inLanguage":"fr-FR"},{"@type":"WebPage","@id":"https:\/\/art-et-culture-du-monde.fr\/blog\/animations\/especes-locales-especes-nouvelles-question-de-calendrier\/","url":"https:\/\/art-et-culture-du-monde.fr\/blog\/animations\/especes-locales-especes-nouvelles-question-de-calendrier\/","name":"Esp\u00e8ces locales, esp\u00e8ces nouvelles \u2026 Question de calendrier \u2026","isPartOf":{"@id":"https:\/\/art-et-culture-du-monde.fr\/blog\/#website"},"primaryImageOfPage":{"@id":"https:\/\/art-et-culture-du-monde.fr\/blog\/animations\/especes-locales-especes-nouvelles-question-de-calendrier\/#primaryimage"},"image":{"@id":"https:\/\/art-et-culture-du-monde.fr\/blog\/animations\/especes-locales-especes-nouvelles-question-de-calendrier\/#primaryimage"},"thumbnailUrl":"http:\/\/art-et-culture-du-monde.fr\/blog\/wp-content\/uploads\/2018\/04\/paprika-3212148_1280-300x170.jpg","datePublished":"2018-04-19T14:18:45+00:00","dateModified":"2018-04-22T20:21:33+00:00","author":{"@id":"https:\/\/art-et-culture-du-monde.fr\/blog\/#\/schema\/person\/740c493c6869241b754b57c6b1824b6a"},"description":"A travers un plat traditionnel, constatons que la notion d'esp\u00e8ce locale n'est pas si simple \u00e0 d\u00e9finir. C'est surtout une question de calendrier.","breadcrumb":{"@id":"https:\/\/art-et-culture-du-monde.fr\/blog\/animations\/especes-locales-especes-nouvelles-question-de-calendrier\/#breadcrumb"},"inLanguage":"fr-FR","potentialAction":[{"@type":"ReadAction","target":["https:\/\/art-et-culture-du-monde.fr\/blog\/animations\/especes-locales-especes-nouvelles-question-de-calendrier\/"]}]},{"@type":"ImageObject","inLanguage":"fr-FR","@id":"https:\/\/art-et-culture-du-monde.fr\/blog\/animations\/especes-locales-especes-nouvelles-question-de-calendrier\/#primaryimage","url":"https:\/\/art-et-culture-du-monde.fr\/blog\/wp-content\/uploads\/2018\/04\/paprika-3212148_1280.jpg","contentUrl":"https:\/\/art-et-culture-du-monde.fr\/blog\/wp-content\/uploads\/2018\/04\/paprika-3212148_1280.jpg","width":1280,"height":727},{"@type":"BreadcrumbList","@id":"https:\/\/art-et-culture-du-monde.fr\/blog\/animations\/especes-locales-especes-nouvelles-question-de-calendrier\/#breadcrumb","itemListElement":[{"@type":"ListItem","position":1,"name":"Accueil","item":"https:\/\/art-et-culture-du-monde.fr\/blog\/"},{"@type":"ListItem","position":2,"name":"Esp\u00e8ces locales, esp\u00e8ces nouvelles \u2026 Question de calendrier \u2026"}]},{"@type":"WebSite","@id":"https:\/\/art-et-culture-du-monde.fr\/blog\/#website","url":"https:\/\/art-et-culture-du-monde.fr\/blog\/","name":"La Nature d&#039;Eric","description":"D\u00e9couvrir - Partager - Pr\u00e9server","potentialAction":[{"@type":"SearchAction","target":{"@type":"EntryPoint","urlTemplate":"https:\/\/art-et-culture-du-monde.fr\/blog\/?s={search_term_string}"},"query-input":{"@type":"PropertyValueSpecification","valueRequired":true,"valueName":"search_term_string"}}],"inLanguage":"fr-FR"},{"@type":"Person","@id":"https:\/\/art-et-culture-du-monde.fr\/blog\/#\/schema\/person\/740c493c6869241b754b57c6b1824b6a","name":"Eric Mourniac","image":{"@type":"ImageObject","inLanguage":"fr-FR","@id":"https:\/\/secure.gravatar.com\/avatar\/2b18d0363e04108d41c7817be3834a4f5de791e83e3fb049640ed951ffa5ed0a?s=96&d=mm&r=g","url":"https:\/\/secure.gravatar.com\/avatar\/2b18d0363e04108d41c7817be3834a4f5de791e83e3fb049640ed951ffa5ed0a?s=96&d=mm&r=g","contentUrl":"https:\/\/secure.gravatar.com\/avatar\/2b18d0363e04108d41c7817be3834a4f5de791e83e3fb049640ed951ffa5ed0a?s=96&d=mm&r=g","caption":"Eric Mourniac"},"url":"https:\/\/art-et-culture-du-monde.fr\/blog\/author\/e-mourniac\/"}]}},"jetpack_publicize_connections":[],"jetpack_featured_media_url":"","jetpack-related-posts":[],"jetpack_sharing_enabled":true,"_links":{"self":[{"href":"https:\/\/art-et-culture-du-monde.fr\/blog\/wp-json\/wp\/v2\/posts\/1892","targetHints":{"allow":["GET"]}}],"collection":[{"href":"https:\/\/art-et-culture-du-monde.fr\/blog\/wp-json\/wp\/v2\/posts"}],"about":[{"href":"https:\/\/art-et-culture-du-monde.fr\/blog\/wp-json\/wp\/v2\/types\/post"}],"author":[{"embeddable":true,"href":"https:\/\/art-et-culture-du-monde.fr\/blog\/wp-json\/wp\/v2\/users\/2"}],"replies":[{"embeddable":true,"href":"https:\/\/art-et-culture-du-monde.fr\/blog\/wp-json\/wp\/v2\/comments?post=1892"}],"version-history":[{"count":4,"href":"https:\/\/art-et-culture-du-monde.fr\/blog\/wp-json\/wp\/v2\/posts\/1892\/revisions"}],"predecessor-version":[{"id":1898,"href":"https:\/\/art-et-culture-du-monde.fr\/blog\/wp-json\/wp\/v2\/posts\/1892\/revisions\/1898"}],"wp:attachment":[{"href":"https:\/\/art-et-culture-du-monde.fr\/blog\/wp-json\/wp\/v2\/media?parent=1892"}],"wp:term":[{"taxonomy":"category","embeddable":true,"href":"https:\/\/art-et-culture-du-monde.fr\/blog\/wp-json\/wp\/v2\/categories?post=1892"},{"taxonomy":"post_tag","embeddable":true,"href":"https:\/\/art-et-culture-du-monde.fr\/blog\/wp-json\/wp\/v2\/tags?post=1892"}],"curies":[{"name":"wp","href":"https:\/\/api.w.org\/{rel}","templated":true}]}}